{"id":28594,"date":"2023-06-24T17:05:34","date_gmt":"2023-06-24T17:05:34","guid":{"rendered":"http:\/\/lahora.mx\/?p=28594"},"modified":"2023-06-24T17:05:34","modified_gmt":"2023-06-24T17:05:34","slug":"la-madre-rusa-toma-medidas-de-seguridad-ante-la-tensa-situacion","status":"publish","type":"post","link":"https:\/\/lahora.mx\/index.php\/2023\/06\/24\/la-madre-rusa-toma-medidas-de-seguridad-ante-la-tensa-situacion\/","title":{"rendered":"La madre rusa toma medidas de seguridad ante la tensa situaci\u00f3n"},"content":{"rendered":"\n<p>Varias regiones rusas han anunciado este s\u00e1bado un reforzamiento de las medidas de seguridad ante la situaci\u00f3n en el pa\u00eds.<\/p>\n\n\n\n<p>La decisi\u00f3n se produce despu\u00e9s de que Servicio Federal de Seguridad de Rusia (FSB) abriera un proceso penal contra el jefe del grupo militar privado Wagner, Yevgueni Prigozhin, por intentar organizar una \u00abinsurrecci\u00f3n\u00bb armada contra el Gobierno.<\/p>\n\n\n\n<p>El alcalde de Mosc\u00fa, Sergu\u00e9i Sobianin, ha comunicado este s\u00e1bado que en la capital se est\u00e1n llevando a cabo actividades antiterroristas encaminadas a reforzar las medidas de seguridad.<\/p>\n\n\n\n<p>\u00abEn Mosc\u00fa se est\u00e1n tomando medidas antiterroristas para reforzar las medidas de seguridad en respuesta a la informaci\u00f3n recibida. Se han introducido controles adicionales en las carreteras. Puede haber restricciones en la celebraci\u00f3n de actos p\u00fablicos. Les rogamos que tengan en cuenta las medidas que se est\u00e1n tomando\u00bb, escribi\u00f3 el alcalde en su cuenta de Telegram. Posteriormente, Sobianin anunci\u00f3 que todos los eventos p\u00fablicos programados fueron cancelados hasta nuevo aviso.<br><\/p>\n\n\n\n<p>Por su parte, el gobernador de la provincia de Mosc\u00fa, Andr\u00e9i Vorobiov, tambi\u00e9n anunci\u00f3 un reforzamiento de las medidas de seguridad en la regi\u00f3n, as\u00ed como la activaci\u00f3n de operativos antiterroristas, al tiempo que asegur\u00f3 que las fuerzas del orden mantienen la situaci\u00f3n bajo control.<\/p>\n\n\n\n<p>Mientras, en la ciudad de Rostov del Don aparecieron equipos blindados y militares del grupo Wagner, que parece haber ocupado el Estado Mayor del Distrito Militar del Sur.<\/p>\n\n\n\n<p>El gobernador de la provincia de Rostov, Vasili G\u00f3lubev, inst\u00f3 a los residentes a no abandonar sus casas y a abstenerse de ir al centro de la ciudad. Asimismo, se\u00f1al\u00f3 que se decidi\u00f3 cancelar todos los eventos masivos planeados para este fin de semana. La misma decisi\u00f3n fue tomada por las autoridades de la provincia de Vor\u00f3nezh.<\/p>\n\n\n\n<p>Entretanto, el tr\u00e1fico vehicular por la carretera federal M-4 Don fue cerrado en el cruce de fronteras de las provincias de L\u00edpetsk y Vor\u00f3nezh, comunicaron las autoridades locales. Las medidas de seguridad tambi\u00e9n han sido reforzadas en la provincia de Briansk.<\/p>\n\n\n\n<p>Mientras, el Comit\u00e9 Nacional Antiterrorista (NAK) inform\u00f3 de la activaci\u00f3n del r\u00e9gimen de operaci\u00f3n antiterrorista en la capital del pa\u00eds, Mosc\u00fa, as\u00ed como en la provincia hom\u00f3nima y en la de Vor\u00f3nezh, a fin de evitar posibles atentados.<\/p>\n\n\n\n<p>Defensa niega ataque contra Wagner<br>La noche del viernes, el Ministerio ruso de Defensa rest\u00f3 toda credibilidad a las declaraciones atribuidas a Prigozhin sobre un supuesto ataque lanzado contra una de las bases de la compa\u00f1\u00eda militar privada desde territorio ruso. Un video sobre la supuesta ofensiva tambi\u00e9n fue calificado de falso.<\/p>\n\n\n\n<p>\u00abTodos los mensajes y videos difundidos en las redes sociales en nombre de Prigozhin sobre el supuesto &#8216;ataque del Ministerio de Defensa ruso contra los campamentos de retaguardia de Wagner&#8217; son falsos y constituyen una provocaci\u00f3n informativa\u00bb, declar\u00f3 el organismo militar ruso.<\/p>\n","protected":false},"excerpt":{"rendered":"<p>Varias regiones rusas han anunciado este s\u00e1bado un reforzamiento de las medidas de seguridad ante la situaci\u00f3n en el pa\u00eds. La decisi\u00f3n se produce despu\u00e9s de que Servicio Federal de Seguridad de Rusia (FSB) abriera un proceso penal contra el jefe del grupo militar privado Wagner, Yevgueni Prigozhin, por intentar organizar una \u00abinsurrecci\u00f3n\u00bb armada contra [&hellip;]<\/p>\n","protected":false},"author":4,"featured_media":28595,"comment_status":"open","ping_status":"open","sticky":false,"template":"","format":"standard","meta":{"om_disable_all_campaigns":false,"_monsterinsights_skip_tracking":false,"_monsterinsights_sitenote_active":false,"_monsterinsights_sitenote_note":"","_monsterinsights_sitenote_category":0,"footnotes":""},"categories":[183],"tags":[],"class_list":["post-28594","post","type-post","status-publish","format-standard","has-post-thumbnail","hentry","category-internacional"],"amp_enabled":true,"_links":{"self":[{"href":"https:\/\/lahora.mx\/index.php\/wp-json\/wp\/v2\/posts\/28594","targetHints":{"allow":["GET"]}}],"collection":[{"href":"https:\/\/lahora.mx\/index.php\/wp-json\/wp\/v2\/posts"}],"about":[{"href":"https:\/\/lahora.mx\/index.php\/wp-json\/wp\/v2\/types\/post"}],"author":[{"embeddable":true,"href":"https:\/\/lahora.mx\/index.php\/wp-json\/wp\/v2\/users\/4"}],"replies":[{"embeddable":true,"href":"https:\/\/lahora.mx\/index.php\/wp-json\/wp\/v2\/comments?post=28594"}],"version-history":[{"count":1,"href":"https:\/\/lahora.mx\/index.php\/wp-json\/wp\/v2\/posts\/28594\/revisions"}],"predecessor-version":[{"id":28596,"href":"https:\/\/lahora.mx\/index.php\/wp-json\/wp\/v2\/posts\/28594\/revisions\/28596"}],"wp:featuredmedia":[{"embeddable":true,"href":"https:\/\/lahora.mx\/index.php\/wp-json\/wp\/v2\/media\/28595"}],"wp:attachment":[{"href":"https:\/\/lahora.mx\/index.php\/wp-json\/wp\/v2\/media?parent=28594"}],"wp:term":[{"taxonomy":"category","embeddable":true,"href":"https:\/\/lahora.mx\/index.php\/wp-json\/wp\/v2\/categories?post=28594"},{"taxonomy":"post_tag","embeddable":true,"href":"https:\/\/lahora.mx\/index.php\/wp-json\/wp\/v2\/tags?post=28594"}],"curies":[{"name":"wp","href":"https:\/\/api.w.org\/{rel}","templated":true}]}}