{"id":28591,"date":"2023-06-24T17:01:53","date_gmt":"2023-06-24T17:01:53","guid":{"rendered":"http:\/\/lahora.mx\/?p=28591"},"modified":"2023-06-24T17:01:53","modified_gmt":"2023-06-24T17:01:53","slug":"putin-da-mensaje-al-grupo-wagner-nuestras-acciones-seran-contundentes","status":"publish","type":"post","link":"https:\/\/lahora.mx\/index.php\/2023\/06\/24\/putin-da-mensaje-al-grupo-wagner-nuestras-acciones-seran-contundentes\/","title":{"rendered":"Putin da mensaje al grupo Wagner                  \u00abnuestras acciones ser\u00e1n contundentes\u00bb"},"content":{"rendered":"\n<p>El presidente de Rusia, Vlad\u00edmir Putin, ha declarado este s\u00e1bado en un mensaje a la naci\u00f3n que cualquier revuelta es \u00abuna amenaza mortal\u00bb, comentando la situaci\u00f3n en torno al grupo Wagner, despu\u00e9s de que su l\u00edder, Yevgueni Prigozhin, fuera acusado la v\u00edspera de intentar organizar una \u00abinsurrecci\u00f3n\u00bb armada. El mandatario ruso calific\u00f3 las acciones de Prigozhin de un \u00abmot\u00edn militar\u00bb.<\/p>\n\n\n\n<p>\u00abNos enfrentamos a una traici\u00f3n, la ambici\u00f3n desorbitada llev\u00f3 a una traici\u00f3n contra Rusia\u00bb<\/p>\n\n\n\n<p>En este contexto, el presidente asegur\u00f3 que las Fuerzas Armadas de Rusia recibieron la orden de neutralizar a quienes participen en la insurgencia armada, al tiempo que admiti\u00f3 que la situaci\u00f3n en la ciudad de Rostov del Don sigue complicada, ya que en la urbe el trabajo de las administraciones civil y militar est\u00e1 efectivamente bloqueado.<\/p>\n\n\n\n<p>Tambi\u00e9n destac\u00f3 que las autoridades del pa\u00eds evitar\u00e1n que se repitan hechos que dividan a Rusia, refiri\u00e9ndose a la guerra civil de 1917 a 1922. \u00abProtegeremos tanto a nuestro pueblo como a nuestro Estado contra todas las amenazas, incluida la traici\u00f3n interna\u00bb, subray\u00f3.<\/p>\n\n\n\n<p>\u00abComo presidente de Rusia y comandante en jefe, como ciudadano de Rusia, har\u00e9 todo lo que est\u00e9 en mi mano para defender el pa\u00eds, proteger el orden constitucional, la vida, la seguridad y la libertad de sus ciudadanos\u00bb<\/p>\n\n\n\n<p><br>Asimismo, Putin asever\u00f3 que \u00abtodos aquellos que tomaron deliberadamente el camino de la traici\u00f3n, que prepararon una insurrecci\u00f3n armada, que tomaron el camino del chantaje y de los m\u00e9todos terroristas, sufrir\u00e1n el castigo inevitable\u00bb. Adem\u00e1s, inst\u00f3 a quienes \u00abse ven arrastrados\u00bb a participar en tales acciones a \u00abtomar la \u00fanica decisi\u00f3n correcta\u00bb, dejar de ser parte de esos \u00abactos delictivos\u00bb.<\/p>\n\n\n\n<p>\u00abRusia libra hoy una ardua batalla por su futuro, repeliendo la agresi\u00f3n de los neonazis y sus amos. Toda la maquinaria militar, econ\u00f3mica e informativa de Occidente est\u00e1 dirigida contra nosotros\u00bb, afirm\u00f3, instando a \u00abdejar de lado todo lo que debilite\u00bb al pa\u00eds.<\/p>\n\n\n\n<p>\u00abLuchamos por la vida y la seguridad de nuestro pueblo, por nuestra soberan\u00eda e independencia, por el derecho a ser y seguir siendo Rusia, una naci\u00f3n con una historia milenaria\u00bb, se\u00f1al\u00f3 el jefe de Estado. Seg\u00fan Putin, las acciones que est\u00e1n dividiendo \u00abla unidad\u00bb de Rusia son, \u00abde hecho, una apostas\u00eda\u00bb al pueblo. \u00abEs una pu\u00f1alada por la espalda a nuestro pa\u00eds y a nuestro pueblo\u00bb, a\u00f1adi\u00f3.<br>La noche del viernes, el Ministerio ruso de Defensa rest\u00f3 toda credibilidad a las declaraciones atribuidas a Prigozhin sobre un supuesto ataque a lanzado contra una de las bases de la compa\u00f1\u00eda militar privada desde territorio ruso. Un video sobre la supuesta ofensiva tambi\u00e9n fue calificado de falso.<\/p>\n\n\n\n<p>\u00abTodos los mensajes y videos difundidos en las redes sociales en nombre de Prigozhin sobre el supuesto &#8216;ataque del Ministerio de Defensa ruso contra los campamentos de retaguardia de Wagner&#8217; son falsos y constituyen una provocaci\u00f3n informativa\u00bb, declar\u00f3 el organismo militar<\/p>\n","protected":false},"excerpt":{"rendered":"<p>El presidente de Rusia, Vlad\u00edmir Putin, ha declarado este s\u00e1bado en un mensaje a la naci\u00f3n que cualquier revuelta es \u00abuna amenaza mortal\u00bb, comentando la situaci\u00f3n en torno al grupo Wagner, despu\u00e9s de que su l\u00edder, Yevgueni Prigozhin, fuera acusado la v\u00edspera de intentar organizar una \u00abinsurrecci\u00f3n\u00bb armada. El mandatario ruso calific\u00f3 las acciones de [&hellip;]<\/p>\n","protected":false},"author":4,"featured_media":28592,"comment_status":"open","ping_status":"open","sticky":false,"template":"","format":"standard","meta":{"om_disable_all_campaigns":false,"_monsterinsights_skip_tracking":false,"_monsterinsights_sitenote_active":false,"_monsterinsights_sitenote_note":"","_monsterinsights_sitenote_category":0,"footnotes":""},"categories":[183],"tags":[],"class_list":["post-28591","post","type-post","status-publish","format-standard","has-post-thumbnail","hentry","category-internacional"],"amp_enabled":true,"_links":{"self":[{"href":"https:\/\/lahora.mx\/index.php\/wp-json\/wp\/v2\/posts\/28591","targetHints":{"allow":["GET"]}}],"collection":[{"href":"https:\/\/lahora.mx\/index.php\/wp-json\/wp\/v2\/posts"}],"about":[{"href":"https:\/\/lahora.mx\/index.php\/wp-json\/wp\/v2\/types\/post"}],"author":[{"embeddable":true,"href":"https:\/\/lahora.mx\/index.php\/wp-json\/wp\/v2\/users\/4"}],"replies":[{"embeddable":true,"href":"https:\/\/lahora.mx\/index.php\/wp-json\/wp\/v2\/comments?post=28591"}],"version-history":[{"count":1,"href":"https:\/\/lahora.mx\/index.php\/wp-json\/wp\/v2\/posts\/28591\/revisions"}],"predecessor-version":[{"id":28593,"href":"https:\/\/lahora.mx\/index.php\/wp-json\/wp\/v2\/posts\/28591\/revisions\/28593"}],"wp:featuredmedia":[{"embeddable":true,"href":"https:\/\/lahora.mx\/index.php\/wp-json\/wp\/v2\/media\/28592"}],"wp:attachment":[{"href":"https:\/\/lahora.mx\/index.php\/wp-json\/wp\/v2\/media?parent=28591"}],"wp:term":[{"taxonomy":"category","embeddable":true,"href":"https:\/\/lahora.mx\/index.php\/wp-json\/wp\/v2\/categories?post=28591"},{"taxonomy":"post_tag","embeddable":true,"href":"https:\/\/lahora.mx\/index.php\/wp-json\/wp\/v2\/tags?post=28591"}],"curies":[{"name":"wp","href":"https:\/\/api.w.org\/{rel}","templated":true}]}}