{"id":28574,"date":"2023-06-24T14:05:06","date_gmt":"2023-06-24T14:05:06","guid":{"rendered":"http:\/\/lahora.mx\/?p=28574"},"modified":"2023-06-24T14:05:06","modified_gmt":"2023-06-24T14:05:06","slug":"el-grupo-wagner-se-rebela-contra-el-ministerio-de-defensa-ruso","status":"publish","type":"post","link":"https:\/\/lahora.mx\/index.php\/2023\/06\/24\/el-grupo-wagner-se-rebela-contra-el-ministerio-de-defensa-ruso\/","title":{"rendered":"El grupo Wagner se rebela contra el Ministerio de Defensa ruso"},"content":{"rendered":"\n<p>El conflicto entre el Ministerio de Defensa de Rusia y el jefe del grupo Wagner, Yevgueni Prigozhin, se agrav\u00f3 la noche del viernes con un nuevo cruce de acusaciones, lo que ha desembocado en el reforzamiento de las medidas de seguridad en varias regiones rusas y en la apertura de un caso penal contra el l\u00edder de la compa\u00f1\u00eda militar privada.<\/p>\n\n\n\n<p>En un primer momento, Prigozhin acus\u00f3 a la cartera de Defensa de lanzar un supuesto ataque contra una de las bases de Wagner en territorio ruso. En respuesta, el organismo rest\u00f3 toda credibilidad a las declaraciones de Prigozhin y catalog\u00f3 como falso un video sobre la supuesta ofensiva.<\/p>\n\n\n\n<p>Adem\u00e1s, el jefe de la compa\u00f1\u00eda militar privada anunci\u00f3 lo que denomin\u00f3 como \u00abmarcha de justicia\u00bb y prometi\u00f3 hacer rendir cuentas al ministro de Defensa, Sergu\u00e9i Shoig\u00fa, y el jefe del Estado Mayor, Valeri Guer\u00e1simov.<\/p>\n\n\n\n<p>Por su parte, el Servicio Federal de Seguridad (FSB) inform\u00f3 de la apertura de una causa penal contra Prigozhin \u00aben virtud del art\u00edculo 279 del C\u00f3digo Penal de la Federaci\u00f3n Rusa por organizaci\u00f3n de una insurrecci\u00f3n armada\u00bb. El organismo inst\u00f3 a los integrantes de Wagner a no cometer \u00aberrores irreparables\u00bb, a desobedecer las \u00abordenes criminales traicioneras de Prigozhin\u00bb y a tomar medidas para su arresto.<br><br>En un mensaje a la naci\u00f3n, el presidente ruso, Vlad\u00edmir Putin, calific\u00f3 las acciones de Prigozhin de \u00abrevuelta\u00bb y prometi\u00f3 tomar medidas contra los que se sublevaron contra el Ej\u00e9rcito.<\/p>\n\n\n\n<p>\u00abNos enfrentamos a una traici\u00f3n, la ambici\u00f3n desorbitada llev\u00f3 a una traici\u00f3n contra Rusia\u00bb, denunci\u00f3 Putin. En este contexto, el presidente asegur\u00f3 que las Fuerzas Armadas de Rusia recibieron la orden de neutralizar a quienes participen en la insurgencia armada, al tiempo que admiti\u00f3 que la situaci\u00f3n en la ciudad de Rostov del Don sigue complicada, ya que en la urbe el trabajo de las administraciones civil y militar est\u00e1 efectivamente bloqueado.<\/p>\n\n\n\n<p>Tambi\u00e9n destac\u00f3 que las autoridades del pa\u00eds evitar\u00e1n que se repitan hechos que dividan a Rusia, refiri\u00e9ndose a la guerra civil de 1917 a 1922. \u00abProtegeremos tanto a nuestro pueblo como a nuestro Estado contra todas las amenazas, incluida la traici\u00f3n interna\u00bb, subray\u00f3.<\/p>\n\n\n\n<p>\u00abComo presidente de Rusia y comandante en jefe, como ciudadano de Rusia, har\u00e9 todo lo que est\u00e9 en mi mano para defender el pa\u00eds, proteger el orden constitucional, la vida, la seguridad y la libertad de sus ciudadanos\u00bb, resalt\u00f3, agregando que \u00ablas acciones para proteger la patria de tal amenaza ser\u00e1n \u00abcontundentes\u00bb.<\/p>\n\n\n\n<p><br>Por la ma\u00f1ana aparecieron videos obtenidos en la ciudad de Rostov del Don, al sur del pa\u00eds, en los que aparecen hombres uniformados y equipos blindados del grupo Wagner, que aseguraba haber ocupado el Estado Mayor del Distrito Militar del Sur. Las autoridades no han confirmado esta informaci\u00f3n.<\/p>\n\n\n\n<p>Asimismo, el servicio de prensa de Prigozhin public\u00f3 varios videos sobre la situaci\u00f3n en Rostov. En el primero, el jefe del Wagner habla con quien parece ser el viceministro ruso de Defensa, Yunus-Bek Evk\u00farov, le dice que han bloqueado la ciudad y exige encontrarse con la jefatura del Ministerio de Defensa.<\/p>\n\n\n\n<p>En otra grabaci\u00f3n, Prigozhin asegura haber tomado las instalaciones militares de Rostov, incluido el aer\u00f3dromo. El jefe del Wagner asegura que los efectivos del Wagner no interfieren en los aviones de combate que cumplan misiones en el marco del operativo militar en Ucrania.<\/p>\n\n\n\n<p>Ante esta situaci\u00f3n, varias regiones rusas anunciaron un reforzamiento de las medidas de seguridad. Concretamente, se activ\u00f3 el r\u00e9gimen de operaci\u00f3n antiterrorista para evitar posibles atentados en la capital del pa\u00eds, Mosc\u00fa, as\u00ed como en la provincia hom\u00f3nima y en la de Vor\u00f3nezh. Adem\u00e1s, se cort\u00f3 parcialmente el tr\u00e1fico vehicular en la carretera federal M-4 Don, que pasa a trav\u00e9s de las provincias de Rostov, L\u00edpetsk y Vor\u00f3nezh y conduce a la capital rusa.<\/p>\n\n\n\n<p>Mientras, efectivos de las fuerzas de seguridad rusas acordonaron la sede del grupo Wagner en San Petersburgo.<br>Paralelamente, el Ministerio de Defensa public\u00f3 un llamamiento a los efectivos del Wagner en el que les insta a ser \u00absensatos\u00bb y a ponerse en contacto con los representantes de la cartera \u00ablo antes posible\u00bb. La instituci\u00f3n asegur\u00f3 que garantizar\u00e1 la seguridad de todos los integrantes del Wagner.<\/p>\n\n\n\n<p>\u00abHan sido enga\u00f1ados para participar en la aventura criminal de Prigozhin y en un mot\u00edn armado. Muchos de sus compa\u00f1eros de varias unidades ya se han dado cuenta de su error buscando ayuda para poder regresar sanos y salvos a sus lugares permanentes. Dicha ayuda por nuestra parte ya ha sido prestada a todos los combatientes y mandos que la han solicitado\u00bb, reza el comunicado.<\/p>\n","protected":false},"excerpt":{"rendered":"<p>El conflicto entre el Ministerio de Defensa de Rusia y el jefe del grupo Wagner, Yevgueni Prigozhin, se agrav\u00f3 la noche del viernes con un nuevo cruce de acusaciones, lo que ha desembocado en el reforzamiento de las medidas de seguridad en varias regiones rusas y en la apertura de un caso penal contra el [&hellip;]<\/p>\n","protected":false},"author":4,"featured_media":28575,"comment_status":"open","ping_status":"open","sticky":false,"template":"","format":"standard","meta":{"om_disable_all_campaigns":false,"_monsterinsights_skip_tracking":false,"_monsterinsights_sitenote_active":false,"_monsterinsights_sitenote_note":"","_monsterinsights_sitenote_category":0,"footnotes":""},"categories":[183],"tags":[195],"class_list":["post-28574","post","type-post","status-publish","format-standard","has-post-thumbnail","hentry","category-internacional","tag-principal"],"amp_enabled":true,"_links":{"self":[{"href":"https:\/\/lahora.mx\/index.php\/wp-json\/wp\/v2\/posts\/28574","targetHints":{"allow":["GET"]}}],"collection":[{"href":"https:\/\/lahora.mx\/index.php\/wp-json\/wp\/v2\/posts"}],"about":[{"href":"https:\/\/lahora.mx\/index.php\/wp-json\/wp\/v2\/types\/post"}],"author":[{"embeddable":true,"href":"https:\/\/lahora.mx\/index.php\/wp-json\/wp\/v2\/users\/4"}],"replies":[{"embeddable":true,"href":"https:\/\/lahora.mx\/index.php\/wp-json\/wp\/v2\/comments?post=28574"}],"version-history":[{"count":1,"href":"https:\/\/lahora.mx\/index.php\/wp-json\/wp\/v2\/posts\/28574\/revisions"}],"predecessor-version":[{"id":28576,"href":"https:\/\/lahora.mx\/index.php\/wp-json\/wp\/v2\/posts\/28574\/revisions\/28576"}],"wp:featuredmedia":[{"embeddable":true,"href":"https:\/\/lahora.mx\/index.php\/wp-json\/wp\/v2\/media\/28575"}],"wp:attachment":[{"href":"https:\/\/lahora.mx\/index.php\/wp-json\/wp\/v2\/media?parent=28574"}],"wp:term":[{"taxonomy":"category","embeddable":true,"href":"https:\/\/lahora.mx\/index.php\/wp-json\/wp\/v2\/categories?post=28574"},{"taxonomy":"post_tag","embeddable":true,"href":"https:\/\/lahora.mx\/index.php\/wp-json\/wp\/v2\/tags?post=28574"}],"curies":[{"name":"wp","href":"https:\/\/api.w.org\/{rel}","templated":true}]}}