{"id":28571,"date":"2023-06-23T23:26:22","date_gmt":"2023-06-23T23:26:22","guid":{"rendered":"http:\/\/lahora.mx\/?p=28571"},"modified":"2023-06-23T23:26:22","modified_gmt":"2023-06-23T23:26:22","slug":"ucrania-aprovecha-la-provocacion-de-wagner-para-atacar-en-direccion-a-artiomovsk-bajmut","status":"publish","type":"post","link":"https:\/\/lahora.mx\/index.php\/2023\/06\/23\/ucrania-aprovecha-la-provocacion-de-wagner-para-atacar-en-direccion-a-artiomovsk-bajmut\/","title":{"rendered":"Ucrania aprovecha la provocaci\u00f3n de Wagner para atacar en direcci\u00f3n a Arti\u00f3movsk (Bajmut)"},"content":{"rendered":"\n<p>Las Fuerzas Armadas de Ucrania se est\u00e1n concentrando en direcci\u00f3n a Arti\u00f3movsk (Bajmut) para emprender una ofensiva aprovechando la provocaci\u00f3n informativa organizada por Yevgueni Prigozhin, jefe del grupo militar privado Wagner, ha comunicado el Ministerio de Defensa de Rusia.<\/p>\n\n\n\n<p>\u00abAprovechando la provocaci\u00f3n de Prigozhin para perturbar la situaci\u00f3n, el r\u00e9gimen de Kiev concentra unidades de la 35.\u00aa Brigada de Infanter\u00eda de Marina y de la 36.\u00aa Brigada Mecanizada de las Fuerzas Armadas de Ucrania en la zona t\u00e1ctica de Bajmut, en la l\u00ednea de salida de las acciones ofensivas\u00bb, reza el comunicado.<br><\/p>\n\n\n\n<p>La instituci\u00f3n precis\u00f3 que los militares del Grupo de Fuerzas Sur \u00abest\u00e1n derrotando al enemigo con ataques a\u00e9reos y de artiller\u00eda\u00bb.<\/p>\n\n\n\n<p>Este viernes, surgi\u00f3 un video en redes sociales en el que se mostraba supuestamente las consecuencias de un \u00abataque de misiles\u00bb contra un campamento del grupo Wagner en un bosque desconocido. As\u00ed, en una declaraci\u00f3n atribuida al jefe del grupo Wagner, se acusa al Ministerio de Defensa de realizar el ataque y causar m\u00faltiples bajas.<\/p>\n\n\n\n<p>El Ministerio de Defensa de Rusia tach\u00f3 como falsos el video y las acusaciones.<\/p>\n\n\n\n<p>\u00abTodos los mensajes y videos difundidos en las redes sociales en nombre de Prigozhin sobre el supuesto &#8216;ataque del Ministerio de Defensa ruso contra los campamentos de retaguardia de Wagner&#8217; son falsos y constituyen una provocaci\u00f3n informativa\u00bb, declar\u00f3 el organismo militar ruso.<\/p>\n","protected":false},"excerpt":{"rendered":"<p>Las Fuerzas Armadas de Ucrania se est\u00e1n concentrando en direcci\u00f3n a Arti\u00f3movsk (Bajmut) para emprender una ofensiva aprovechando la provocaci\u00f3n informativa organizada por Yevgueni Prigozhin, jefe del grupo militar privado Wagner, ha comunicado el Ministerio de Defensa de Rusia. \u00abAprovechando la provocaci\u00f3n de Prigozhin para perturbar la situaci\u00f3n, el r\u00e9gimen de Kiev concentra unidades de [&hellip;]<\/p>\n","protected":false},"author":4,"featured_media":28572,"comment_status":"open","ping_status":"open","sticky":false,"template":"","format":"standard","meta":{"om_disable_all_campaigns":false,"_monsterinsights_skip_tracking":false,"_monsterinsights_sitenote_active":false,"_monsterinsights_sitenote_note":"","_monsterinsights_sitenote_category":0,"footnotes":""},"categories":[183],"tags":[],"class_list":["post-28571","post","type-post","status-publish","format-standard","has-post-thumbnail","hentry","category-internacional"],"amp_enabled":true,"_links":{"self":[{"href":"https:\/\/lahora.mx\/index.php\/wp-json\/wp\/v2\/posts\/28571","targetHints":{"allow":["GET"]}}],"collection":[{"href":"https:\/\/lahora.mx\/index.php\/wp-json\/wp\/v2\/posts"}],"about":[{"href":"https:\/\/lahora.mx\/index.php\/wp-json\/wp\/v2\/types\/post"}],"author":[{"embeddable":true,"href":"https:\/\/lahora.mx\/index.php\/wp-json\/wp\/v2\/users\/4"}],"replies":[{"embeddable":true,"href":"https:\/\/lahora.mx\/index.php\/wp-json\/wp\/v2\/comments?post=28571"}],"version-history":[{"count":1,"href":"https:\/\/lahora.mx\/index.php\/wp-json\/wp\/v2\/posts\/28571\/revisions"}],"predecessor-version":[{"id":28573,"href":"https:\/\/lahora.mx\/index.php\/wp-json\/wp\/v2\/posts\/28571\/revisions\/28573"}],"wp:featuredmedia":[{"embeddable":true,"href":"https:\/\/lahora.mx\/index.php\/wp-json\/wp\/v2\/media\/28572"}],"wp:attachment":[{"href":"https:\/\/lahora.mx\/index.php\/wp-json\/wp\/v2\/media?parent=28571"}],"wp:term":[{"taxonomy":"category","embeddable":true,"href":"https:\/\/lahora.mx\/index.php\/wp-json\/wp\/v2\/categories?post=28571"},{"taxonomy":"post_tag","embeddable":true,"href":"https:\/\/lahora.mx\/index.php\/wp-json\/wp\/v2\/tags?post=28571"}],"curies":[{"name":"wp","href":"https:\/\/api.w.org\/{rel}","templated":true}]}}