{"id":28547,"date":"2023-06-23T20:08:12","date_gmt":"2023-06-23T20:08:12","guid":{"rendered":"http:\/\/lahora.mx\/?p=28547"},"modified":"2023-06-23T20:08:13","modified_gmt":"2023-06-23T20:08:13","slug":"el-alcalde-eduardo-rivera-aseguro-habra-apertura-en-consejo-nacional-del-pan","status":"publish","type":"post","link":"https:\/\/lahora.mx\/index.php\/2023\/06\/23\/el-alcalde-eduardo-rivera-aseguro-habra-apertura-en-consejo-nacional-del-pan\/","title":{"rendered":"El alcalde Eduardo Rivera aseguro habr\u00e1 apertura en Consejo Nacional del PAN"},"content":{"rendered":"\n<p>La sesi\u00f3n del Consejo Nacional del PAN a verificarse este fin de semana deber\u00eda traer consigo un mecanismo para proponer la elecci\u00f3n de las candidaturas de cara a la sucesi\u00f3n presidencial de 2024.<\/p>\n\n\n\n<p>Algo a lo que el alcalde de Puebla, Eduardo Rivera P\u00e9rez, se encuentra a la expectativa dado el momento in\u00e9dito, dijo, que vive el pa\u00eds en torno al creciente proceso electoral.<br>Por lo cual, indic\u00f3, se espera la presencia en el Consejo de la alianza conformada por los partidos Revolucionario Institucional, de la Revoluci\u00f3n Democr\u00e1tica y del propio Acci\u00f3n Nacional.<\/p>\n\n\n\n<p>Adem\u00e1s de que en dicha sesi\u00f3n se espera la participaci\u00f3n ciudadana, ya que, enfatiz\u00f3 en referencia al Consejo Nacional emprendido por Morena, habr\u00e1 una apertura al debate y di\u00e1logo de las personas sobre la decisi\u00f3n de qui\u00e9n abanderar\u00e1 a la alianza rumbo a la contienda por la Presidencia de la Rep\u00fablica.<br>\u00abAqu\u00ed s\u00ed va a haber debates, s\u00ed va a haber contraste, y no s\u00f3lo va a haber encuestas, sino va a haber la apertura para que la gente y los ciudadanos de todo M\u00e9xico puedan opinar, impulsar y decidir qui\u00e9n es el mejor candidato de la alianza\u00bb.<br>A pesar del anuncio de la sesi\u00f3n del Consejo Nacional convocada para este s\u00e1bado 23 de junio, la informaci\u00f3n vertida por el alcalde panista acerca de los puntos a tratarse, la ha adquirido de manera extraoficial.<\/p>\n\n\n\n<p>Fue la integrante del grupo legislativo del PAN en el Senado, Kenia L\u00f3pez Rabad\u00e1n, quien anunci\u00f3 la convocatoria nacional al consejo para este s\u00e1bado 24 de junio en la Ciudad de M\u00e9xico.<\/p>\n\n\n\n<p>Dicha sesi\u00f3n se da a dos semanas de la emprendida a su vez por el partido del presidente Andr\u00e9s Manuel L\u00f3pez Obrador, de la que derivaron una serie de acuerdos que conformaron los estatutos para la designaci\u00f3n de candidatos para la carrera presidencial.<\/p>\n\n\n\n<p>Sesi\u00f3n de la cual se desprendieron las correspondientes separaciones de su cargo de la exjefa de Gobierno, Claudia Sheinbaum Pardo; del excanciller Marcelo Ebrard Casaub\u00f3n y del exsecretario de Gobernaci\u00f3n, Ad\u00e1n Augusto L\u00f3pez Hern\u00e1ndez, as\u00ed como del diputado federal con licencia, Gerardo Fern\u00e1ndez Noro\u00f1a.<\/p>\n\n\n\n<p>Por otro lado, Eduardo Rivera P\u00e9rez afirm\u00f3 estar dispuesto a mantener sus visitas al interior del estado en sus tiempos libres o los fines de semana.<\/p>\n\n\n\n<p>Dichas visitas a los diferentes municipios, dijo, corresponden a invitaciones de diversas estructuras, en donde busca la participaci\u00f3n de la ciudadan\u00eda para mantener el desarrollo de la entidad.<\/p>\n\n\n\n<p>\u00abMi mayor anhelo es que la capital y el propio estado puedan seguir por un mejor rumbo por el bien de Puebla\u00bb, indic\u00f3.<br>Sin embargo, enfatiz\u00f3 que su prioridad se mantiene en seguir al frente de la capital poblana como presidente municipal.<\/p>\n","protected":false},"excerpt":{"rendered":"<p>La sesi\u00f3n del Consejo Nacional del PAN a verificarse este fin de semana deber\u00eda traer consigo un mecanismo para proponer la elecci\u00f3n de las candidaturas de cara a la sucesi\u00f3n presidencial de 2024. Algo a lo que el alcalde de Puebla, Eduardo Rivera P\u00e9rez, se encuentra a la expectativa dado el momento in\u00e9dito, dijo, que [&hellip;]<\/p>\n","protected":false},"author":4,"featured_media":28548,"comment_status":"open","ping_status":"open","sticky":false,"template":"","format":"standard","meta":{"om_disable_all_campaigns":false,"_monsterinsights_skip_tracking":false,"_monsterinsights_sitenote_active":false,"_monsterinsights_sitenote_note":"","_monsterinsights_sitenote_category":0,"footnotes":""},"categories":[175,5],"tags":[128,223],"class_list":["post-28547","post","type-post","status-publish","format-standard","has-post-thumbnail","hentry","category-local","category-politica","tag-politics","tag-puebla"],"amp_enabled":true,"_links":{"self":[{"href":"https:\/\/lahora.mx\/index.php\/wp-json\/wp\/v2\/posts\/28547","targetHints":{"allow":["GET"]}}],"collection":[{"href":"https:\/\/lahora.mx\/index.php\/wp-json\/wp\/v2\/posts"}],"about":[{"href":"https:\/\/lahora.mx\/index.php\/wp-json\/wp\/v2\/types\/post"}],"author":[{"embeddable":true,"href":"https:\/\/lahora.mx\/index.php\/wp-json\/wp\/v2\/users\/4"}],"replies":[{"embeddable":true,"href":"https:\/\/lahora.mx\/index.php\/wp-json\/wp\/v2\/comments?post=28547"}],"version-history":[{"count":1,"href":"https:\/\/lahora.mx\/index.php\/wp-json\/wp\/v2\/posts\/28547\/revisions"}],"predecessor-version":[{"id":28549,"href":"https:\/\/lahora.mx\/index.php\/wp-json\/wp\/v2\/posts\/28547\/revisions\/28549"}],"wp:featuredmedia":[{"embeddable":true,"href":"https:\/\/lahora.mx\/index.php\/wp-json\/wp\/v2\/media\/28548"}],"wp:attachment":[{"href":"https:\/\/lahora.mx\/index.php\/wp-json\/wp\/v2\/media?parent=28547"}],"wp:term":[{"taxonomy":"category","embeddable":true,"href":"https:\/\/lahora.mx\/index.php\/wp-json\/wp\/v2\/categories?post=28547"},{"taxonomy":"post_tag","embeddable":true,"href":"https:\/\/lahora.mx\/index.php\/wp-json\/wp\/v2\/tags?post=28547"}],"curies":[{"name":"wp","href":"https:\/\/api.w.org\/{rel}","templated":true}]}}