{"id":28544,"date":"2023-06-23T20:06:29","date_gmt":"2023-06-23T20:06:29","guid":{"rendered":"http:\/\/lahora.mx\/?p=28544"},"modified":"2023-06-23T20:06:29","modified_gmt":"2023-06-23T20:06:29","slug":"hombre-mata-a-su-vecino-tras-discusion-en-cuauntinchan","status":"publish","type":"post","link":"https:\/\/lahora.mx\/index.php\/2023\/06\/23\/hombre-mata-a-su-vecino-tras-discusion-en-cuauntinchan\/","title":{"rendered":"Hombre mata a su vecino tras discusi\u00f3n en Cuauntinch\u00e1n"},"content":{"rendered":"\n<p>Una pelea entre vecinos por un perro, termin\u00f3 en desgracia en el municipio de Cuauntinch\u00e1n, Puebla, pues uno de los involucrados dispar\u00f3 y mat\u00f3 a su oponente.<\/p>\n\n\n\n<p>Ayer 22 de junio por la tarde, Rogelio de 28 a\u00f1os de edad, acudi\u00f3 a la casa de su vecino en la junta auxiliar de San Baltazar Torija. Ah\u00ed el joven discuti\u00f3 por un perro, sin embargo, el due\u00f1o del animal no soport\u00f3 lo anterior y despu\u00e9s de sacar un arma de fuego, dispar\u00f3 contra su v\u00edctima.<br>Los encargados de una tienda vieron al hombre tirado y herido, por lo que de inmediato lo auxiliaron ya sin esperar la llegada de alguna ambulancia. En una unidad particular, los tenderos decidieron llevar al lesionado al Hospital CESSA de San Francisco Totimehuacan en el municipio de Puebla.<\/p>\n\n\n\n<p>A pesar del esfuerzo que los m\u00e9dicos realizaron, ya no fue posible salvarle la vida al joven de 28 a\u00f1os que muri\u00f3 poco despu\u00e9s.<br>Del caso se dio parte a los elementos de la polic\u00eda municipio de Puebla, quienes solo hicieron las anotaciones correspondientes, mientras que personal de la Fiscal\u00eda General del Estado de Puebla (FGE Puebla) fue notificada del asunto.<\/p>\n\n\n\n<p>Agentes ministeriales llegaron al nosocomio para el levantamiento del cuerpo que fue llevado a la morgue. El crimen ya es investigado a fin de esclarecer lo ocurrido y dar con el responsable que se habr\u00eda dado a la fuga.<\/p>\n","protected":false},"excerpt":{"rendered":"<p>Una pelea entre vecinos por un perro, termin\u00f3 en desgracia en el municipio de Cuauntinch\u00e1n, Puebla, pues uno de los involucrados dispar\u00f3 y mat\u00f3 a su oponente. Ayer 22 de junio por la tarde, Rogelio de 28 a\u00f1os de edad, acudi\u00f3 a la casa de su vecino en la junta auxiliar de San Baltazar Torija. [&hellip;]<\/p>\n","protected":false},"author":4,"featured_media":28545,"comment_status":"open","ping_status":"open","sticky":false,"template":"","format":"standard","meta":{"om_disable_all_campaigns":false,"_monsterinsights_skip_tracking":false,"_monsterinsights_sitenote_active":false,"_monsterinsights_sitenote_note":"","_monsterinsights_sitenote_category":0,"footnotes":""},"categories":[175,226],"tags":[223],"class_list":["post-28544","post","type-post","status-publish","format-standard","has-post-thumbnail","hentry","category-local","category-policia","tag-puebla"],"amp_enabled":true,"_links":{"self":[{"href":"https:\/\/lahora.mx\/index.php\/wp-json\/wp\/v2\/posts\/28544","targetHints":{"allow":["GET"]}}],"collection":[{"href":"https:\/\/lahora.mx\/index.php\/wp-json\/wp\/v2\/posts"}],"about":[{"href":"https:\/\/lahora.mx\/index.php\/wp-json\/wp\/v2\/types\/post"}],"author":[{"embeddable":true,"href":"https:\/\/lahora.mx\/index.php\/wp-json\/wp\/v2\/users\/4"}],"replies":[{"embeddable":true,"href":"https:\/\/lahora.mx\/index.php\/wp-json\/wp\/v2\/comments?post=28544"}],"version-history":[{"count":1,"href":"https:\/\/lahora.mx\/index.php\/wp-json\/wp\/v2\/posts\/28544\/revisions"}],"predecessor-version":[{"id":28546,"href":"https:\/\/lahora.mx\/index.php\/wp-json\/wp\/v2\/posts\/28544\/revisions\/28546"}],"wp:featuredmedia":[{"embeddable":true,"href":"https:\/\/lahora.mx\/index.php\/wp-json\/wp\/v2\/media\/28545"}],"wp:attachment":[{"href":"https:\/\/lahora.mx\/index.php\/wp-json\/wp\/v2\/media?parent=28544"}],"wp:term":[{"taxonomy":"category","embeddable":true,"href":"https:\/\/lahora.mx\/index.php\/wp-json\/wp\/v2\/categories?post=28544"},{"taxonomy":"post_tag","embeddable":true,"href":"https:\/\/lahora.mx\/index.php\/wp-json\/wp\/v2\/tags?post=28544"}],"curies":[{"name":"wp","href":"https:\/\/api.w.org\/{rel}","templated":true}]}}