{"id":28538,"date":"2023-06-23T20:00:58","date_gmt":"2023-06-23T20:00:58","guid":{"rendered":"http:\/\/lahora.mx\/?p=28538"},"modified":"2023-06-23T20:00:58","modified_gmt":"2023-06-23T20:00:58","slug":"la-feria-de-huamantla-la-feria-que-lo-tiene-todo","status":"publish","type":"post","link":"https:\/\/lahora.mx\/index.php\/2023\/06\/23\/la-feria-de-huamantla-la-feria-que-lo-tiene-todo\/","title":{"rendered":"La Feria de Huamantla \u00abla feria que lo tiene todo\u00bb"},"content":{"rendered":"\n<p>M\u00e1s del 90% de los espect\u00e1culos art\u00edsticos ser\u00e1n gratuitos con artistas 100% aut\u00e9nticos.<\/p>\n\n\n\n<p>Los eventos tradicionales de la feria ser\u00e1n protagonistas en esta edici\u00f3n 149 de la feria en honor a la Virgen de La Caridad.<\/p>\n\n\n\n<p>Con un espect\u00e1culo de luces, drones y representaciones de cada actividad que da identidad al Pueblo M\u00e1gico de Huamantla, el presidente municipal, Salvador Santos Cedillo, hizo la presentaci\u00f3n oficial de la Feria Internacional del Arte Ef\u00edmero y La Dalia 2023.<\/p>\n\n\n\n<p>Acompa\u00f1ado por autoridades federales, estatales y municipales, el edil Santos Cedillo, se\u00f1al\u00f3 que esta feria es una de los m\u00e1s esperadas por todos los tlaxcaltecas, pues se ha convertido en una ventana al mundo de la tradici\u00f3n, cultura y fe, de un pueblo que camina con pasos firmes al futuro que se construye d\u00eda a d\u00eda.<\/p>\n\n\n\n<p>\u201cLa edici\u00f3n 149 de la Feria de Huamantla en honor a la Virgen de La Caridad, representa un espacio de reencuentro, con nuestras ra\u00edces que orgullosos mostramos en cada lugar al que vamos, de reencuentro con la grandeza hist\u00f3rica de nuestro Huamantla por el que todos trabajamos\u201d, se\u00f1al\u00f3.<\/p>\n\n\n\n<p>Frente a una explanada de la Presidencia Municipal llena y expectante, el alcalde de Huamantla, asegur\u00f3 que su administraci\u00f3n se ha preparado desde el primer d\u00eda de gobierno para ser protagonistas en la nueva historia que se est\u00e1 escribiendo en Tlaxcala.<\/p>\n\n\n\n<p>Abund\u00f3 que, de la mano de la gobernadora, Lorena Cu\u00e9llar Cisneros, emprendieron una intensa promoci\u00f3n tur\u00edstica y cultural logrando poner el nombre de Huamantla en los ojos del mundo.<\/p>\n\n\n\n<p>Finalmente, Santos Cedillo asegur\u00f3 que esta Feria Internacional del Arte Ef\u00edmero y la Dalia 2023, ser\u00e1 un \u00e9xito gracias al invaluable esfuerzo de todos los huamantlecos, artesanos, comerciantes, y prestadores de servicios, que como nunca antes se han preparado para recibir de mejor forma a los turistas nacionales e internacionales en esta feria que lo tiene todo.<\/p>\n\n\n\n<p>Luego de un espect\u00e1culo donde participaron artesanos alfombristas, toreros, las princesas de la Virgen, titiriteros, pilotos de carcachas, charros y mojigangas, aparecieron en las pantallas los artistas que participar\u00e1n en el Teatro del Pueblo y las Paellas, quedando de la siguiente manera:<\/p>\n\n\n\n<p>31 de julio, La Rondalla de Saltillo, en la Bas\u00edlica de La Caridad. 4 de agosto, DLD, en el Foro del Artista. 5 de agosto, Carlos Rivera, en la Inauguraci\u00f3n de la Feria, en la Unidad Deportiva \u201cMiguel Arroyo Rosales\u201d. 6 de agosto, Motel, en el Foro del Artista. 10 de agosto, Uzielito Mix, en el Foro del Artista. 11 de agosto, Raymix, en el Foro del Artista. 12 de agosto, Kabah y Napole\u00f3n, en la Unidad Deportiva \u201cMiguel Arroyo Rosales\u201d. 13 de agosto, Gilberto Gless y Lalo Espa\u00f1a, en el Foro del Artista. 17 de agosto, Aleks Syntek, en el Foro del Artista. 18 de agosto, Ed\u00e9n Mu\u00f1oz, en el Foro del Artista. 19 de agosto, Cardenales de Nuevo Le\u00f3n y Palomo, en el Foro del Artista. 20 de Agosto, Mario Bautista, en el Foro del Artista. 24 de Agosto, Grupo Bryndis y Campeche Show, en el Foro del Artista. 25 de Agosto, Moderatto, en el Foro del Artista. 26 de Agosto, La Original Banda El Lim\u00f3n, en el Foro del Artista. 27 de Agosto, La Sonora Santanera y Los Pasteles Verdes, en el Foro del Artista. 31 de agosto, Mago Herrera y Los Me\u00f1iques de la Casa, en el Foro del Artista.<\/p>\n\n\n\n<p>Cada uno de ellos fue recibido con una fuerte ovaci\u00f3n, destacando la del huamantleco Carlos Rivera, quien regresa al Pueblo M\u00e1gico a dar un concierto luego de varios a\u00f1os sin hacerlo.<\/p>\n\n\n\n<p>A esta presentaci\u00f3n asistieron Sergio Gonz\u00e1lez Hern\u00e1ndez, secretario de Gobierno del estado de Tlaxcala, en representaci\u00f3n de la gobernadora Lorena Cu\u00e9llar Cisneros; Josefina Rodr\u00edguez Zamora, secretaria de Turismo; Javier Marroqu\u00edn Calder\u00f3n, secretario de Desarrollo Econ\u00f3mico; Mar\u00eda Estela \u00c1lvarez Corona, secretaria del Bienestar; el director del Fondo Macro para el Desarrollo Integral de Tlaxcala, Javier Rivera Bonilla; el director del Instituto Tlaxcalteca de Desarrollo Taurino, Jos\u00e9 Luis Angelino de Arriaga; el diputado federal del Distrito I, Alejandro \u00c1guilar L\u00f3pez; los diputados locales Maribel Le\u00f3n Cruz, Diana Torrej\u00f3n y Jaciel Gonz\u00e1lez Herrera; as\u00ed como autoridades del Ayuntamiento de Huamantla y p\u00fablico en general.<\/p>\n","protected":false},"excerpt":{"rendered":"<p>M\u00e1s del 90% de los espect\u00e1culos art\u00edsticos ser\u00e1n gratuitos con artistas 100% aut\u00e9nticos. Los eventos tradicionales de la feria ser\u00e1n protagonistas en esta edici\u00f3n 149 de la feria en honor a la Virgen de La Caridad. Con un espect\u00e1culo de luces, drones y representaciones de cada actividad que da identidad al Pueblo M\u00e1gico de Huamantla, [&hellip;]<\/p>\n","protected":false},"author":4,"featured_media":28539,"comment_status":"open","ping_status":"open","sticky":false,"template":"","format":"standard","meta":{"om_disable_all_campaigns":false,"_monsterinsights_skip_tracking":false,"_monsterinsights_sitenote_active":false,"_monsterinsights_sitenote_note":"","_monsterinsights_sitenote_category":0,"footnotes":""},"categories":[175],"tags":[223,210],"class_list":["post-28538","post","type-post","status-publish","format-standard","has-post-thumbnail","hentry","category-local","tag-puebla","tag-tlaxcala"],"amp_enabled":true,"_links":{"self":[{"href":"https:\/\/lahora.mx\/index.php\/wp-json\/wp\/v2\/posts\/28538","targetHints":{"allow":["GET"]}}],"collection":[{"href":"https:\/\/lahora.mx\/index.php\/wp-json\/wp\/v2\/posts"}],"about":[{"href":"https:\/\/lahora.mx\/index.php\/wp-json\/wp\/v2\/types\/post"}],"author":[{"embeddable":true,"href":"https:\/\/lahora.mx\/index.php\/wp-json\/wp\/v2\/users\/4"}],"replies":[{"embeddable":true,"href":"https:\/\/lahora.mx\/index.php\/wp-json\/wp\/v2\/comments?post=28538"}],"version-history":[{"count":1,"href":"https:\/\/lahora.mx\/index.php\/wp-json\/wp\/v2\/posts\/28538\/revisions"}],"predecessor-version":[{"id":28540,"href":"https:\/\/lahora.mx\/index.php\/wp-json\/wp\/v2\/posts\/28538\/revisions\/28540"}],"wp:featuredmedia":[{"embeddable":true,"href":"https:\/\/lahora.mx\/index.php\/wp-json\/wp\/v2\/media\/28539"}],"wp:attachment":[{"href":"https:\/\/lahora.mx\/index.php\/wp-json\/wp\/v2\/media?parent=28538"}],"wp:term":[{"taxonomy":"category","embeddable":true,"href":"https:\/\/lahora.mx\/index.php\/wp-json\/wp\/v2\/categories?post=28538"},{"taxonomy":"post_tag","embeddable":true,"href":"https:\/\/lahora.mx\/index.php\/wp-json\/wp\/v2\/tags?post=28538"}],"curies":[{"name":"wp","href":"https:\/\/api.w.org\/{rel}","templated":true}]}}