{"id":28535,"date":"2023-06-23T19:58:06","date_gmt":"2023-06-23T19:58:06","guid":{"rendered":"http:\/\/lahora.mx\/?p=28535"},"modified":"2023-06-23T19:58:06","modified_gmt":"2023-06-23T19:58:06","slug":"faustino-javier-estrada-lider-de-pvem-en-morelos-es-atacado-a-balazos","status":"publish","type":"post","link":"https:\/\/lahora.mx\/index.php\/2023\/06\/23\/faustino-javier-estrada-lider-de-pvem-en-morelos-es-atacado-a-balazos\/","title":{"rendered":"Faustino Javier Estrada, l\u00edder de PVEM en Morelos es atacado a balazos"},"content":{"rendered":"\n<p>Hombres armados dispararon contra el exdiputado federal Faustino Javier Estrada Gonz\u00e1lez del Partido Verde Ecologista de M\u00e9xico (PVEM) en Cuernavaca, Morelos.<\/p>\n\n\n\n<p>El ataque fue frente al Servicio de Administraci\u00f3n Tributaria (SAT). El exfuncionario recibi\u00f3 tres impactos de bala uno en la cabeza, otro en el t\u00f3rax y uno m\u00e1s en la mano, por lo que fue atendido por la Cruz Roja y lo trasladado al hospital Jos\u00e9 G Parres de Cuernavaca. Su estado de salud se reporta delicado.<\/p>\n\n\n\n<p>Relacionada: Asesinan a primo de Diego Sinhue Rodr\u00edguez, gobernador de Guanajuato<br>La fiscal\u00eda de la entidad confirm\u00f3 el ataque al exlegislador del PVEM a trav\u00e9s de sus redes sociales<\/p>\n\n\n\n<p>Luego del ataque, la fiscal\u00eda inici\u00f3 la b\u00fasqueda por tierra y helic\u00f3ptero para dar con los responsables del hecho.<\/p>\n","protected":false},"excerpt":{"rendered":"<p>Hombres armados dispararon contra el exdiputado federal Faustino Javier Estrada Gonz\u00e1lez del Partido Verde Ecologista de M\u00e9xico (PVEM) en Cuernavaca, Morelos. El ataque fue frente al Servicio de Administraci\u00f3n Tributaria (SAT). El exfuncionario recibi\u00f3 tres impactos de bala uno en la cabeza, otro en el t\u00f3rax y uno m\u00e1s en la mano, por lo que [&hellip;]<\/p>\n","protected":false},"author":4,"featured_media":28536,"comment_status":"open","ping_status":"open","sticky":false,"template":"","format":"standard","meta":{"om_disable_all_campaigns":false,"_monsterinsights_skip_tracking":false,"_monsterinsights_sitenote_active":false,"_monsterinsights_sitenote_note":"","_monsterinsights_sitenote_category":0,"footnotes":""},"categories":[176,226],"tags":[223],"class_list":["post-28535","post","type-post","status-publish","format-standard","has-post-thumbnail","hentry","category-nacional","category-policia","tag-puebla"],"amp_enabled":true,"_links":{"self":[{"href":"https:\/\/lahora.mx\/index.php\/wp-json\/wp\/v2\/posts\/28535","targetHints":{"allow":["GET"]}}],"collection":[{"href":"https:\/\/lahora.mx\/index.php\/wp-json\/wp\/v2\/posts"}],"about":[{"href":"https:\/\/lahora.mx\/index.php\/wp-json\/wp\/v2\/types\/post"}],"author":[{"embeddable":true,"href":"https:\/\/lahora.mx\/index.php\/wp-json\/wp\/v2\/users\/4"}],"replies":[{"embeddable":true,"href":"https:\/\/lahora.mx\/index.php\/wp-json\/wp\/v2\/comments?post=28535"}],"version-history":[{"count":1,"href":"https:\/\/lahora.mx\/index.php\/wp-json\/wp\/v2\/posts\/28535\/revisions"}],"predecessor-version":[{"id":28537,"href":"https:\/\/lahora.mx\/index.php\/wp-json\/wp\/v2\/posts\/28535\/revisions\/28537"}],"wp:featuredmedia":[{"embeddable":true,"href":"https:\/\/lahora.mx\/index.php\/wp-json\/wp\/v2\/media\/28536"}],"wp:attachment":[{"href":"https:\/\/lahora.mx\/index.php\/wp-json\/wp\/v2\/media?parent=28535"}],"wp:term":[{"taxonomy":"category","embeddable":true,"href":"https:\/\/lahora.mx\/index.php\/wp-json\/wp\/v2\/categories?post=28535"},{"taxonomy":"post_tag","embeddable":true,"href":"https:\/\/lahora.mx\/index.php\/wp-json\/wp\/v2\/tags?post=28535"}],"curies":[{"name":"wp","href":"https:\/\/api.w.org\/{rel}","templated":true}]}}