{"id":28532,"date":"2023-06-23T15:19:48","date_gmt":"2023-06-23T15:19:48","guid":{"rendered":"http:\/\/lahora.mx\/?p=28532"},"modified":"2023-06-23T15:19:49","modified_gmt":"2023-06-23T15:19:49","slug":"se-suspenden-clases-presenciales-en-23-escuelas-de-zacatlan-puebla","status":"publish","type":"post","link":"https:\/\/lahora.mx\/index.php\/2023\/06\/23\/se-suspenden-clases-presenciales-en-23-escuelas-de-zacatlan-puebla\/","title":{"rendered":"Se suspenden clases presenciales en 23 escuelas de Zacatl\u00e1n, Puebla"},"content":{"rendered":"\n<p>Tras el incendio forestal registrado en la zona de Zacatl\u00e1n, Puebla, el gobierno del estado ha decidido suspender clases presenciales en 23 escuelas de ocho localidades de dicho municipio, por lo que los estudiantes recibir\u00e1n educaci\u00f3n a distancia a partir de hoy 23 de junio.<\/p>\n\n\n\n<p>Las localidades de Zacatl\u00e1n que deber\u00e1n acatar la siguiente medida son Cuacuila, San Miguel Tenango, Xonotla, Tepetzintla, Otlatl\u00e1n, Yehuala, Zacatl\u00e1n y Zoquitl\u00e1n.<\/p>\n\n\n\n<p>A trav\u00e9s de un comunicado oficial se se\u00f1al\u00f3 que las escuelas de la localidad de Cuacuila que deber\u00e1n acatar la orden son el preescolar \u201cJuan Cris\u00f3stomo Bonilla\u201d, primaria \u201cIgnacio Zaragoza\u201d, secundaria \u201cAdolfo L\u00f3pez Mateos\u201d, bachillerato \u201cGabriel Barrios Cabrera\u201d, primaria \u201cIgnacio Jos\u00e9 Allende\u201d.<br>Mientras que en San Miguel Tenango son el preescolar \u201cSempoalxochitl\u201d, primaria \u201cSebasti\u00e1n Lerdo de Tejada\u201d y la secundaria \u201cSalvador Elizondo\u201d.<\/p>\n\n\n\n<p>En tanto, de la localidad de Xonotla son el preescolar \u201cXochipilli\u201d, preescolar \u201cCuauht\u00e9moc\u201d, primaria \u201cIgnacio Zaragoza\u201d, secundaria \u201cVicente Guerrero\u201d, bachillerato \u201cBenito Ju\u00e1rez\u201d; de Tepetzintla, la primaria \u201cBenito Ju\u00e1rez\u201d.<\/p>\n\n\n\n<p>En Otlatl\u00e1n es la primaria \u201cLic. Benito Ju\u00e1rez\u201d que suspender\u00e1 sus clases presenciales; para la localidad Yehuala ser\u00e1 el preescolar \u201cHuitzilihuitl, primaria \u201cEmilio Carranza\u201d y la secundaria Cuauht\u00e9moc; de Zacatl\u00e1n son el bachillerato \u201cErnesto Luna Hern\u00e1ndez\u201d; y de Zoquitl\u00e1n, el preescolar \u201cCitlali\u201d, primaria \u201cBenito Ju\u00e1rez\u201d, telesecundaria \u201cNetzahualc\u00f3yotl\u201d y \u201cBachillerato Digital 126\u201d.<\/p>\n","protected":false},"excerpt":{"rendered":"<p>Tras el incendio forestal registrado en la zona de Zacatl\u00e1n, Puebla, el gobierno del estado ha decidido suspender clases presenciales en 23 escuelas de ocho localidades de dicho municipio, por lo que los estudiantes recibir\u00e1n educaci\u00f3n a distancia a partir de hoy 23 de junio. Las localidades de Zacatl\u00e1n que deber\u00e1n acatar la siguiente medida [&hellip;]<\/p>\n","protected":false},"author":4,"featured_media":28533,"comment_status":"open","ping_status":"open","sticky":false,"template":"","format":"standard","meta":{"om_disable_all_campaigns":false,"_monsterinsights_skip_tracking":false,"_monsterinsights_sitenote_active":false,"_monsterinsights_sitenote_note":"","_monsterinsights_sitenote_category":0,"footnotes":""},"categories":[175],"tags":[195,223],"class_list":["post-28532","post","type-post","status-publish","format-standard","has-post-thumbnail","hentry","category-local","tag-principal","tag-puebla"],"amp_enabled":true,"_links":{"self":[{"href":"https:\/\/lahora.mx\/index.php\/wp-json\/wp\/v2\/posts\/28532","targetHints":{"allow":["GET"]}}],"collection":[{"href":"https:\/\/lahora.mx\/index.php\/wp-json\/wp\/v2\/posts"}],"about":[{"href":"https:\/\/lahora.mx\/index.php\/wp-json\/wp\/v2\/types\/post"}],"author":[{"embeddable":true,"href":"https:\/\/lahora.mx\/index.php\/wp-json\/wp\/v2\/users\/4"}],"replies":[{"embeddable":true,"href":"https:\/\/lahora.mx\/index.php\/wp-json\/wp\/v2\/comments?post=28532"}],"version-history":[{"count":1,"href":"https:\/\/lahora.mx\/index.php\/wp-json\/wp\/v2\/posts\/28532\/revisions"}],"predecessor-version":[{"id":28534,"href":"https:\/\/lahora.mx\/index.php\/wp-json\/wp\/v2\/posts\/28532\/revisions\/28534"}],"wp:featuredmedia":[{"embeddable":true,"href":"https:\/\/lahora.mx\/index.php\/wp-json\/wp\/v2\/media\/28533"}],"wp:attachment":[{"href":"https:\/\/lahora.mx\/index.php\/wp-json\/wp\/v2\/media?parent=28532"}],"wp:term":[{"taxonomy":"category","embeddable":true,"href":"https:\/\/lahora.mx\/index.php\/wp-json\/wp\/v2\/categories?post=28532"},{"taxonomy":"post_tag","embeddable":true,"href":"https:\/\/lahora.mx\/index.php\/wp-json\/wp\/v2\/tags?post=28532"}],"curies":[{"name":"wp","href":"https:\/\/api.w.org\/{rel}","templated":true}]}}