{"id":28520,"date":"2023-06-23T03:37:36","date_gmt":"2023-06-23T03:37:36","guid":{"rendered":"http:\/\/lahora.mx\/?p=28520"},"modified":"2023-06-23T03:37:36","modified_gmt":"2023-06-23T03:37:36","slug":"asiste-sergio-salomon-a-ampliacion-de-planta-porcicola-en-oriental","status":"publish","type":"post","link":"https:\/\/lahora.mx\/index.php\/2023\/06\/23\/asiste-sergio-salomon-a-ampliacion-de-planta-porcicola-en-oriental\/","title":{"rendered":"Asiste Sergio Salom\u00f3n a ampliaci\u00f3n de planta porc\u00edcola en Oriental"},"content":{"rendered":"\n<p>El gobernador de Puebla, Sergio Salom\u00f3n C\u00e9spedes Peregrina, asisti\u00f3 este jueves al inicio de la ampliaci\u00f3n de la planta de Granjas Carroll de M\u00e9xico, ubicada en el municipio de Oriental, con lo que se proyectan nuevas plazas de trabajo en esa regi\u00f3n.<\/p>\n\n\n\n<p>\u201cVenimos de Granjas Carroll donde siguen llegando inversiones, donde seguimos invirtiendo en el campo con mucha fuerza\u201d, dijo el mandatario poblano, durante su discurso en una gira por Tehuac\u00e1n.<\/p>\n\n\n\n<p>\u201cAgradecemos a sus directivos por seguir confiando en Puebla y apostarle al desarrollo econ\u00f3mico local. Cuentan con nuestro respaldo\u201d, indic\u00f3.<\/p>\n\n\n\n<p>Con los trabajos de su nueva sala de cortes, la empresa aumentar\u00e1 su producci\u00f3n en un 50 por ciento, lo que, a decir de Sergio Salom\u00f3n C\u00e9spedes Peregrina, se traducir\u00e1 en la creaci\u00f3n de empleos para la poblaci\u00f3n de esa parte de la entidad.<\/p>\n\n\n\n<p>En el evento estuvieron como invitados V\u00edctor Manuel Villalobos Ar\u00e1mbula, secretario de Agricultura y Desarrollo Rural de M\u00e9xico; la secretaria de Desarrollo Rural, Ana Laura Altamirano P\u00e9rez; el jefe de la Oficina del Gobernador, Javier Aquino Lim\u00f3n; y C\u00e9sar Carrilero N\u00fa\u00f1ez, secretario de la Asociaci\u00f3n Nacional de Establecimientos TIF, entre otros invitados.<\/p>\n\n\n\n<p>En abril de este a\u00f1o, Granjas Carroll de M\u00e9xico confirm\u00f3 una inversi\u00f3n de 550 millones de pesos para duplicar su sala de corte y potabilizar el l\u00edquido de su planta de tratamiento de aguas residuales, que ser\u00e1 utilizada en su Planta Procesadora de Carne de Cerdo, adem\u00e1s de crear dos aislamientos para hembras primerizas.<\/p>\n","protected":false},"excerpt":{"rendered":"<p>El gobernador de Puebla, Sergio Salom\u00f3n C\u00e9spedes Peregrina, asisti\u00f3 este jueves al inicio de la ampliaci\u00f3n de la planta de Granjas Carroll de M\u00e9xico, ubicada en el municipio de Oriental, con lo que se proyectan nuevas plazas de trabajo en esa regi\u00f3n. \u201cVenimos de Granjas Carroll donde siguen llegando inversiones, donde seguimos invirtiendo en el [&hellip;]<\/p>\n","protected":false},"author":4,"featured_media":28521,"comment_status":"open","ping_status":"open","sticky":false,"template":"","format":"standard","meta":{"om_disable_all_campaigns":false,"_monsterinsights_skip_tracking":false,"_monsterinsights_sitenote_active":false,"_monsterinsights_sitenote_note":"","_monsterinsights_sitenote_category":0,"footnotes":""},"categories":[175],"tags":[223],"class_list":["post-28520","post","type-post","status-publish","format-standard","has-post-thumbnail","hentry","category-local","tag-puebla"],"amp_enabled":true,"_links":{"self":[{"href":"https:\/\/lahora.mx\/index.php\/wp-json\/wp\/v2\/posts\/28520","targetHints":{"allow":["GET"]}}],"collection":[{"href":"https:\/\/lahora.mx\/index.php\/wp-json\/wp\/v2\/posts"}],"about":[{"href":"https:\/\/lahora.mx\/index.php\/wp-json\/wp\/v2\/types\/post"}],"author":[{"embeddable":true,"href":"https:\/\/lahora.mx\/index.php\/wp-json\/wp\/v2\/users\/4"}],"replies":[{"embeddable":true,"href":"https:\/\/lahora.mx\/index.php\/wp-json\/wp\/v2\/comments?post=28520"}],"version-history":[{"count":1,"href":"https:\/\/lahora.mx\/index.php\/wp-json\/wp\/v2\/posts\/28520\/revisions"}],"predecessor-version":[{"id":28522,"href":"https:\/\/lahora.mx\/index.php\/wp-json\/wp\/v2\/posts\/28520\/revisions\/28522"}],"wp:featuredmedia":[{"embeddable":true,"href":"https:\/\/lahora.mx\/index.php\/wp-json\/wp\/v2\/media\/28521"}],"wp:attachment":[{"href":"https:\/\/lahora.mx\/index.php\/wp-json\/wp\/v2\/media?parent=28520"}],"wp:term":[{"taxonomy":"category","embeddable":true,"href":"https:\/\/lahora.mx\/index.php\/wp-json\/wp\/v2\/categories?post=28520"},{"taxonomy":"post_tag","embeddable":true,"href":"https:\/\/lahora.mx\/index.php\/wp-json\/wp\/v2\/tags?post=28520"}],"curies":[{"name":"wp","href":"https:\/\/api.w.org\/{rel}","templated":true}]}}