{"id":28517,"date":"2023-06-23T00:50:51","date_gmt":"2023-06-23T00:50:51","guid":{"rendered":"http:\/\/lahora.mx\/?p=28517"},"modified":"2023-06-23T00:51:17","modified_gmt":"2023-06-23T00:51:17","slug":"diputados-de-puebla-revientan-sesion-presentarian-reforma-para-aborto","status":"publish","type":"post","link":"https:\/\/lahora.mx\/index.php\/2023\/06\/23\/diputados-de-puebla-revientan-sesion-presentarian-reforma-para-aborto\/","title":{"rendered":"Diputados de Puebla \u00abrevientan\u00bb sesi\u00f3n; presentar\u00edan reforma para aborto"},"content":{"rendered":"\n<p>Mientras la dirigencia del PRI convoc\u00f3 a sus diputados a una conferencia de prensa a la misma hora de la sesi\u00f3n ordinaria del Congreso, y otros legisladores se encontraban atendiendo asuntos personales, el qu\u00f3rum fue roto por lo que se dio por concluida la sesi\u00f3n, sin que se presentara la iniciativa para la despenalizaci\u00f3n del aborto, adem\u00e1s del tema de las normas oficiales.<\/p>\n\n\n\n<p>Durante la sesi\u00f3n ordinaria, en la que dos veces tuvo que revisarse dos veces el qu\u00f3rum ya que en promedio hab\u00eda entre 25 y 26 de los 41 diputados, al llegar al punto 17 de los 42 que conten\u00eda el orden del d\u00eda, la presidenta M\u00f3nica Silva Ruiz pidi\u00f3 que se revisara el qu\u00f3rum ante la cantidad de curules vac\u00edas.<\/p>\n\n\n\n<p>En el momento de la \u00faltima revisi\u00f3n se contabilizaron 18 \u00fanicamente, y en la rectificaci\u00f3n subi\u00f3 a 20 por lo que se dio por concluida la sesi\u00f3n, citando a los diputados para el pr\u00f3ximo 29 de junio.<\/p>\n\n\n\n<p>En entrevista el presidente del PRI, N\u00e9stor Camarillo Medina, justific\u00f3 que haya citado a una conferencia de prensa a la hora de la sesi\u00f3n y que estuviera la bancada pri\u00edsta, ya que dijo \u201clos temas partidistas son importantes\u201d.<\/p>\n\n\n\n<p>Al indicarle que el reglamento es claro en el sentido de que deben permanecer en el recinto, dijo que no solo fue su bancada, pero adem\u00e1s seguir\u00e1 convocando a las ruedas de prensa en el d\u00eda que se realice la sesi\u00f3n.<\/p>\n\n\n\n<p>El coordinador de los diputados del Partido del Trabajo (PT), Antonio L\u00f3pez Ruiz, se\u00f1al\u00f3 que los diputados tiene que cambiar su actitud y respetar el reglamento interno que ordena que deben permanecer en la sesi\u00f3n y escuchar a los dem\u00e1s integrantes.<\/p>\n\n\n\n<p>Dijo que entre los cambios que se esperan es que las sesiones de comisi\u00f3n ya no se realicen durante el desarrollo de la sesi\u00f3n ordinaria, y que estas se realicen d\u00edas antes de la sesi\u00f3n para no interrumpir el desarrollo de la reuni\u00f3n del pleno.<\/p>\n\n\n\n<p>Record\u00f3 que los legisladores reciben una dieta, pero sobre todo tienen una obligaci\u00f3n con los ciudadanos quienes los llevaron con el voto.<\/p>\n\n\n\n<p>El coordinador de los diputados por Acci\u00f3n Nacional, Rafael Micalco M\u00e9ndez pidi\u00f3 que cada diputado asuma su responsabilidad, que cumplan con el reglamento interno y las funciones legislativas.<\/p>\n\n\n\n<p>Descart\u00f3 que haya habido la intenci\u00f3n por parte de algunos diputados de reventar la sesi\u00f3n por el tema del aborto, aunque reconoci\u00f3 que este tipo de acciones dejan que pensar.<\/p>\n\n\n\n<p>Los diputados Fernando Morales Mart\u00ednez, y Aurora Sierra Rodr\u00edguez, se\u00f1alaron que la suspensi\u00f3n de la sesi\u00f3n impidi\u00f3 que se presentara un exhorto para evitar que se suspendan 41 normas oficiales que tienen que ver con la salud.<\/p>\n","protected":false},"excerpt":{"rendered":"<p>Mientras la dirigencia del PRI convoc\u00f3 a sus diputados a una conferencia de prensa a la misma hora de la sesi\u00f3n ordinaria del Congreso, y otros legisladores se encontraban atendiendo asuntos personales, el qu\u00f3rum fue roto por lo que se dio por concluida la sesi\u00f3n, sin que se presentara la iniciativa para la despenalizaci\u00f3n del [&hellip;]<\/p>\n","protected":false},"author":4,"featured_media":28518,"comment_status":"open","ping_status":"open","sticky":false,"template":"","format":"standard","meta":{"om_disable_all_campaigns":false,"_monsterinsights_skip_tracking":false,"_monsterinsights_sitenote_active":false,"_monsterinsights_sitenote_note":"","_monsterinsights_sitenote_category":0,"footnotes":""},"categories":[175],"tags":[227,223],"class_list":["post-28517","post","type-post","status-publish","format-standard","has-post-thumbnail","hentry","category-local","tag-congreso","tag-puebla"],"amp_enabled":true,"_links":{"self":[{"href":"https:\/\/lahora.mx\/index.php\/wp-json\/wp\/v2\/posts\/28517","targetHints":{"allow":["GET"]}}],"collection":[{"href":"https:\/\/lahora.mx\/index.php\/wp-json\/wp\/v2\/posts"}],"about":[{"href":"https:\/\/lahora.mx\/index.php\/wp-json\/wp\/v2\/types\/post"}],"author":[{"embeddable":true,"href":"https:\/\/lahora.mx\/index.php\/wp-json\/wp\/v2\/users\/4"}],"replies":[{"embeddable":true,"href":"https:\/\/lahora.mx\/index.php\/wp-json\/wp\/v2\/comments?post=28517"}],"version-history":[{"count":1,"href":"https:\/\/lahora.mx\/index.php\/wp-json\/wp\/v2\/posts\/28517\/revisions"}],"predecessor-version":[{"id":28519,"href":"https:\/\/lahora.mx\/index.php\/wp-json\/wp\/v2\/posts\/28517\/revisions\/28519"}],"wp:featuredmedia":[{"embeddable":true,"href":"https:\/\/lahora.mx\/index.php\/wp-json\/wp\/v2\/media\/28518"}],"wp:attachment":[{"href":"https:\/\/lahora.mx\/index.php\/wp-json\/wp\/v2\/media?parent=28517"}],"wp:term":[{"taxonomy":"category","embeddable":true,"href":"https:\/\/lahora.mx\/index.php\/wp-json\/wp\/v2\/categories?post=28517"},{"taxonomy":"post_tag","embeddable":true,"href":"https:\/\/lahora.mx\/index.php\/wp-json\/wp\/v2\/tags?post=28517"}],"curies":[{"name":"wp","href":"https:\/\/api.w.org\/{rel}","templated":true}]}}