{"id":28458,"date":"2023-06-22T03:11:43","date_gmt":"2023-06-22T03:11:43","guid":{"rendered":"http:\/\/lahora.mx\/?p=28458"},"modified":"2023-06-22T03:11:44","modified_gmt":"2023-06-22T03:11:44","slug":"estos-son-los-14-puentes-para-los-alumnos-marcados-por-la-sep","status":"publish","type":"post","link":"https:\/\/lahora.mx\/index.php\/2023\/06\/22\/estos-son-los-14-puentes-para-los-alumnos-marcados-por-la-sep\/","title":{"rendered":"Estos son los 14 \u2018puentes\u2019 para los alumnos marcados por la SEP"},"content":{"rendered":"\n<p>\u00bfA\u00fan no termina el ciclo escolar y ya est\u00e1s pensando en tus pr\u00f3ximas vacaciones? Si la respuesta es s\u00ed, toma nota porque el ciclo escolar 2023-2024 llega acompa\u00f1ado de m\u00e1s de una docena de \u2018puentes\u2019 para los estudiantes de M\u00e9xico.<\/p>\n\n\n\n<p>A pesar de que la SEP marca tres puentes oficiales para los alumnos de educaci\u00f3n b\u00e1sica, las juntas de consejo t\u00e9cnico y las descargas administrativas incrementan a 14 el n\u00famero de fines de semana largos que disfrutar\u00e1n los estudiantes el pr\u00f3ximo ciclo escolar.<\/p>\n\n\n\n<p>Es importante aclarar que este es un calendario preliminar y ser\u00e1 oficial hasta que la Secretar\u00eda de Educaci\u00f3n P\u00fablica (SEP) lo d\u00e9 a conocer en el Diario Oficial de la Federaci\u00f3n (DOF).<\/p>\n\n\n\n<p>La Semana Santa traer\u00e1 un nuevo &#8216;megapuente&#8217; a finales de marzo e inicio de abril.<br>Semana Santa La Semana Santa traer\u00e1 un nuevo &#8216;megapuente&#8217; a finales de marzo e inicio de abril. (Cuartoscuro)<\/p>\n\n\n\n<p>\u00bfCu\u00e1les son los puentes del ciclo escolar 2023-2024?<br>De acuerdo con el calendario escolar de la SEP, estos ser\u00e1n los d\u00edas de descanso que gozar\u00e1n los alumnos entre agosto de 2023 y julio de 2024:<\/p>\n\n\n\n<p>Calendario SEP 2023-2024: \u00bfCu\u00e1ndo inician y terminan las clases? Las fechas que debes conocer<br>Este calendario ser\u00e1 oficial hasta que la Secretar\u00eda de Educaci\u00f3n P\u00fablica lo de a conocer en el Diario Oficial de la Federaci\u00f3n.<br>Viernes 29 de septiembre: Consejo T\u00e9cnico Escolar<br>Viernes 27 de octubre: Consejo T\u00e9cnico Escolar<br>Lunes 20 de noviembre: Conmemoraci\u00f3n de la Revoluci\u00f3n Mexicana.<br>Viernes 17 de noviembre: Descarga Administrativa<br>Viernes 24 de noviembre: Consejo T\u00e9cnico Escolar<br>Viernes 26 de enero: Consejo T\u00e9cnico Escolar<br>Lunes 5 de febrero: Celebraci\u00f3n del D\u00eda de la Constituci\u00f3n.<br>Viernes 23 de febrero: Consejo T\u00e9cnico Escolar<br>Viernes 15 de marzo: Descarga Administrativa<br>Lunes 18 de marzo: Aunque el Natalicio de Benito Ju\u00e1rez es el 20 de marzo, la SEP decidi\u00f3 recorrer el descanso al lunes 18.<br>Viernes 26 de abril: Consejo T\u00e9cnico Escolar<br>Viernes 31 de mayo: Consejo T\u00e9cnico Escolar<br>Viernes 28 de junio: Consejo T\u00e9cnico Escolar<br>Viernes 12 de julio: Descarga Administrativa<br>Esto significa que el primer puente llegar\u00e1 el viernes 29 de septiembre por la reuni\u00f3n del Consejo T\u00e9cnico Escolar y el \u00faltimo del ciclo ser\u00e1 el viernes 12 de julio, con el objetivo de realizar la descarga administrativa que se realiza en las escuelas de nivel b\u00e1sico.<\/p>\n\n\n\n<p>Adem\u00e1s, en marzo los acad\u00e9micos podr\u00e1n disfrutar de un \u2018mega puente\u2019, ya que el viernes 15 de marzo habr\u00e1 descarga administrativa en los planteles y el lunes 18 de marzo se recorre el descanso por el Natalicio de Benito Ju\u00e1rez y la entrada de la primavera.<\/p>\n\n\n\n<p>\u00bfCu\u00e1ndo inicia el ciclo escolar 2023-2024, seg\u00fan el calendario de la SEP?<br>De acuerdo con la previsi\u00f3n preliminar, el pr\u00f3ximo ciclo escolar 2023-2024 iniciar\u00e1 el lunes 28 de agosto. Oficialmente, las clases concluir\u00e1n el siguiente d\u00eda, el martes 16 de julio.<\/p>\n\n\n\n<p>Sin embargo, los y las maestras seguir\u00e1n con actividades, al menos por unos d\u00edas, pues la SEP dispuso que haya otro curso intensivo de formaci\u00f3n para ellos del 17 al 19 de julio.<\/p>\n","protected":false},"excerpt":{"rendered":"<p>\u00bfA\u00fan no termina el ciclo escolar y ya est\u00e1s pensando en tus pr\u00f3ximas vacaciones? Si la respuesta es s\u00ed, toma nota porque el ciclo escolar 2023-2024 llega acompa\u00f1ado de m\u00e1s de una docena de \u2018puentes\u2019 para los estudiantes de M\u00e9xico. A pesar de que la SEP marca tres puentes oficiales para los alumnos de educaci\u00f3n [&hellip;]<\/p>\n","protected":false},"author":4,"featured_media":28460,"comment_status":"open","ping_status":"open","sticky":false,"template":"","format":"standard","meta":{"om_disable_all_campaigns":false,"_monsterinsights_skip_tracking":false,"_monsterinsights_sitenote_active":false,"_monsterinsights_sitenote_note":"","_monsterinsights_sitenote_category":0,"footnotes":""},"categories":[175],"tags":[195,223],"class_list":["post-28458","post","type-post","status-publish","format-standard","has-post-thumbnail","hentry","category-local","tag-principal","tag-puebla"],"amp_enabled":true,"_links":{"self":[{"href":"https:\/\/lahora.mx\/index.php\/wp-json\/wp\/v2\/posts\/28458","targetHints":{"allow":["GET"]}}],"collection":[{"href":"https:\/\/lahora.mx\/index.php\/wp-json\/wp\/v2\/posts"}],"about":[{"href":"https:\/\/lahora.mx\/index.php\/wp-json\/wp\/v2\/types\/post"}],"author":[{"embeddable":true,"href":"https:\/\/lahora.mx\/index.php\/wp-json\/wp\/v2\/users\/4"}],"replies":[{"embeddable":true,"href":"https:\/\/lahora.mx\/index.php\/wp-json\/wp\/v2\/comments?post=28458"}],"version-history":[{"count":1,"href":"https:\/\/lahora.mx\/index.php\/wp-json\/wp\/v2\/posts\/28458\/revisions"}],"predecessor-version":[{"id":28461,"href":"https:\/\/lahora.mx\/index.php\/wp-json\/wp\/v2\/posts\/28458\/revisions\/28461"}],"wp:featuredmedia":[{"embeddable":true,"href":"https:\/\/lahora.mx\/index.php\/wp-json\/wp\/v2\/media\/28460"}],"wp:attachment":[{"href":"https:\/\/lahora.mx\/index.php\/wp-json\/wp\/v2\/media?parent=28458"}],"wp:term":[{"taxonomy":"category","embeddable":true,"href":"https:\/\/lahora.mx\/index.php\/wp-json\/wp\/v2\/categories?post=28458"},{"taxonomy":"post_tag","embeddable":true,"href":"https:\/\/lahora.mx\/index.php\/wp-json\/wp\/v2\/tags?post=28458"}],"curies":[{"name":"wp","href":"https:\/\/api.w.org\/{rel}","templated":true}]}}