{"id":28452,"date":"2023-06-22T01:09:57","date_gmt":"2023-06-22T01:09:57","guid":{"rendered":"http:\/\/lahora.mx\/?p=28452"},"modified":"2023-06-22T01:09:57","modified_gmt":"2023-06-22T01:09:57","slug":"reconoce-sep-con-medalla-maria-del-carmen-millan-a-docente-y-estudiante-buap","status":"publish","type":"post","link":"https:\/\/lahora.mx\/index.php\/2023\/06\/22\/reconoce-sep-con-medalla-maria-del-carmen-millan-a-docente-y-estudiante-buap\/","title":{"rendered":"Reconoce SEP con Medalla \u201cMar\u00eda del Carmen Mill\u00e1n\u201d a docente y estudiante BUAP"},"content":{"rendered":"\n<p>Por su trayectoria acad\u00e9mica y por la participaci\u00f3n que tienen en proyectos de investigaci\u00f3n cient\u00edfica y tecnol\u00f3gica con impacto social, la doctora Norma Leticia Ram\u00edrez Rosete, de la Facultad de Arquitectura, y Yael Itsuky Cort\u00e9s Aparicio, de la Facultad de Ciencias F\u00edsico Matem\u00e1ticas, recibieron la Medalla al Reconocimiento del Investigador Poblano \u201cMar\u00eda del Carmen Mill\u00e1n\u201d 2022, en las categor\u00edas de \u201cinvestigador\u201d y \u201cestudiante\u201d, respectivamente.<\/p>\n\n\n\n<p>Esta distinci\u00f3n la otorga la SEP a trav\u00e9s de la Comisi\u00f3n Estatal para la Planeaci\u00f3n de la Educaci\u00f3n Superior de Puebla (COEPES-Puebla) y su objetivo es estimular la reflexi\u00f3n sobre el quehacer cient\u00edfico, tecnol\u00f3gico y human\u00edstico, como evidencia del reconocimiento a figuras poblanas destacadas en diversas \u00e1reas del conocimiento y que han realizado aportaciones a la sociedad.<\/p>\n\n\n\n<p>Revalorizar la identidad, tradiciones y patrimonio<\/p>\n\n\n\n<p>La doctora Norma Leticia Ram\u00edrez Rosete centra su investigaci\u00f3n en la gesti\u00f3n de patrimonio cultural y desarrollo comunitario en poblaciones vulnerables, donde identifica el valor cultural para conservar y preservar el patrimonio material e inmaterial, a trav\u00e9s de procesos participativos. La intenci\u00f3n es revalorizar la identidad que se manifiesta mediante pr\u00e1cticas, tradiciones, vocaciones y oficios que a\u00fan existen; saberes ancestrales que pueden estar en riesgo de desaparecer.<\/p>\n\n\n\n<p>Arquitecta de formaci\u00f3n y doctora en Geograf\u00eda, Urbanismo y Ordenaci\u00f3n Territorial por la Universidad de Valladolid, Espa\u00f1a, Norma Leticia Ram\u00edrez es miembro del Sistema Nacional de Investigadores, nivel I y perfil Prodep. Ha realizado estancias de investigaci\u00f3n en Brasil, Argentina, Espa\u00f1a, Cuba, Canad\u00e1 y Colombia, para conocer estrategias y pol\u00edticas de conservaci\u00f3n y preservaci\u00f3n de la identidad cultural de sitios an\u00e1logos a los que tiene M\u00e9xico.<\/p>\n\n\n\n<p>Actualmente forma parte del proyecto de desarrollo comunitario Casa Analco, en el que colaboran los doctores Adriana Hern\u00e1ndez y Christian de la Torre y que adem\u00e1s se vincula con barrios originarios del oriente de la ciudad, como Xonaca, La Luz y El Alto. Parte de las acciones que realiza facilitan a los alumnos de licenciatura y posgrado tener pr\u00e1cticas de vinculaci\u00f3n social, gracias a sus metodolog\u00edas de acci\u00f3n participativa.<\/p>\n\n\n\n<p>\u201cEllos pueden poner en pr\u00e1ctica el conocimiento en el espacio social y no s\u00f3lo en el aula, as\u00ed conocen e identifican a los actores sociales, sus necesidades, y a partir de ah\u00ed proponen estrategias que buscamos se conviertan a futuro en pol\u00edticas p\u00fablicas. Es por eso que tambi\u00e9n he colaborado con autoridades municipales, como el Instituto Municipal de Planeaci\u00f3n, adem\u00e1s de ser integrante del Consejo de Participaci\u00f3n Ciudadana del Centro Hist\u00f3rico de Puebla\u201d.<\/p>\n\n\n\n<p>Por todo el trabajo que realiza bajo el respaldo de la BUAP, as\u00ed como por otros m\u00e9ritos acad\u00e9micos, fue acreedora a la Medalla al Reconocimiento del Investigador Poblano \u201cMar\u00eda del Carmen Mill\u00e1n\u201d 2022, con lo cual se ratifica el compromiso de los docentes con la educaci\u00f3n y la vinculaci\u00f3n social.<\/p>\n\n\n\n<p>Pasi\u00f3n por la innovaci\u00f3n<\/p>\n\n\n\n<p>Estudiante de F\u00edsica Aplicada de la Facultad de Ciencias F\u00edsico Matem\u00e1ticas (FCFM), Yael Itsuky Cort\u00e9s Aparicio es un joven creativo e interesado en la innovaci\u00f3n tecnol\u00f3gica. Por esta inquietud participa como coautor en cuatro solicitudes de patentes ante el IMPI, una solicitud de Modelo de utilidad, otra de Dise\u00f1o industrial y una solicitud de patente internacional por el PCT para Espa\u00f1a; adem\u00e1s de realizar seis transferencias tecnol\u00f3gicas para la empresa poblana SoltecSciene S.A. de C.V.<\/p>\n\n\n\n<p>Ha colaborado con los investigadores Ricardo Agust\u00edn Serrano, de la FCFM, y Marco Antonio Morales S\u00e1nchez, de la Facultad de Ingenier\u00eda Qu\u00edmica, con quien trabaj\u00f3 en el desarrollo de un cubreboca autolimpiable que elimina diferentes tipos de virus a trav\u00e9s de campos el\u00e9ctricos, ocupando materiales semiconductores e impresi\u00f3n en 3D.<\/p>\n\n\n\n<p>De igual forma tiene colaboraciones con el doctor Jos\u00e9 Israel Rodr\u00edguez Mora, director del Laboratorio de Investigaci\u00f3n de Alta Tecnolog\u00eda y Desarrollo de Prototipos y Patentes, de la Facultad de Ingenier\u00eda, y con el doctor Rafael Cruz Jos\u00e9, de la Preparatoria Alfonso Calder\u00f3n Moreno, quien impuls\u00f3 su vocaci\u00f3n cient\u00edfica.<\/p>\n\n\n\n<p>Entre sus objetivos profesionales destaca el inter\u00e9s que tiene por el liderazgo en equipos de empresas innovadoras de manufactura y dise\u00f1o, aplicando habilidades de gesti\u00f3n y creatividad para optimizar procesos y calidad de productos. As\u00ed tambi\u00e9n, est\u00e1 interesado en colaborar en la creaci\u00f3n de modelos de negocio y propiedad intelectual, establecer alianzas estrat\u00e9gicas y desarrollar habilidades en dise\u00f1o, tecnolog\u00eda, productividad y protecci\u00f3n industrial, para mantener a las empresas a la vanguardia.<\/p>\n\n\n\n<p>Por estos m\u00e9ritos y por el impulso que brinda a otros j\u00f3venes emprendedores, Yael Cort\u00e9s Aparicio, en la categor\u00eda de estudiante, fue tambi\u00e9n reconocido con la Medalla al Reconocimiento del Investigador Poblano \u201cMar\u00eda del Carmen Mill\u00e1n\u201d 2022, reforzando la calidad de los perfiles que egresan de esta instituci\u00f3n.<\/p>\n","protected":false},"excerpt":{"rendered":"<p>Por su trayectoria acad\u00e9mica y por la participaci\u00f3n que tienen en proyectos de investigaci\u00f3n cient\u00edfica y tecnol\u00f3gica con impacto social, la doctora Norma Leticia Ram\u00edrez Rosete, de la Facultad de Arquitectura, y Yael Itsuky Cort\u00e9s Aparicio, de la Facultad de Ciencias F\u00edsico Matem\u00e1ticas, recibieron la Medalla al Reconocimiento del Investigador Poblano \u201cMar\u00eda del Carmen Mill\u00e1n\u201d [&hellip;]<\/p>\n","protected":false},"author":4,"featured_media":28453,"comment_status":"open","ping_status":"open","sticky":false,"template":"","format":"standard","meta":{"om_disable_all_campaigns":false,"_monsterinsights_skip_tracking":false,"_monsterinsights_sitenote_active":false,"_monsterinsights_sitenote_note":"","_monsterinsights_sitenote_category":0,"footnotes":""},"categories":[175],"tags":[186,223],"class_list":["post-28452","post","type-post","status-publish","format-standard","has-post-thumbnail","hentry","category-local","tag-buap","tag-puebla"],"amp_enabled":true,"_links":{"self":[{"href":"https:\/\/lahora.mx\/index.php\/wp-json\/wp\/v2\/posts\/28452","targetHints":{"allow":["GET"]}}],"collection":[{"href":"https:\/\/lahora.mx\/index.php\/wp-json\/wp\/v2\/posts"}],"about":[{"href":"https:\/\/lahora.mx\/index.php\/wp-json\/wp\/v2\/types\/post"}],"author":[{"embeddable":true,"href":"https:\/\/lahora.mx\/index.php\/wp-json\/wp\/v2\/users\/4"}],"replies":[{"embeddable":true,"href":"https:\/\/lahora.mx\/index.php\/wp-json\/wp\/v2\/comments?post=28452"}],"version-history":[{"count":1,"href":"https:\/\/lahora.mx\/index.php\/wp-json\/wp\/v2\/posts\/28452\/revisions"}],"predecessor-version":[{"id":28454,"href":"https:\/\/lahora.mx\/index.php\/wp-json\/wp\/v2\/posts\/28452\/revisions\/28454"}],"wp:featuredmedia":[{"embeddable":true,"href":"https:\/\/lahora.mx\/index.php\/wp-json\/wp\/v2\/media\/28453"}],"wp:attachment":[{"href":"https:\/\/lahora.mx\/index.php\/wp-json\/wp\/v2\/media?parent=28452"}],"wp:term":[{"taxonomy":"category","embeddable":true,"href":"https:\/\/lahora.mx\/index.php\/wp-json\/wp\/v2\/categories?post=28452"},{"taxonomy":"post_tag","embeddable":true,"href":"https:\/\/lahora.mx\/index.php\/wp-json\/wp\/v2\/tags?post=28452"}],"curies":[{"name":"wp","href":"https:\/\/api.w.org\/{rel}","templated":true}]}}