{"id":28445,"date":"2023-06-22T00:38:58","date_gmt":"2023-06-22T00:38:58","guid":{"rendered":"http:\/\/lahora.mx\/?p=28445"},"modified":"2023-06-22T00:38:58","modified_gmt":"2023-06-22T00:38:58","slug":"el-gobernador-sergio-salomon-se-reune-con-amlo-y-plana-mayor-de-morena","status":"publish","type":"post","link":"https:\/\/lahora.mx\/index.php\/2023\/06\/22\/el-gobernador-sergio-salomon-se-reune-con-amlo-y-plana-mayor-de-morena\/","title":{"rendered":"El gobernador Sergio Salom\u00f3n se re\u00fane  con AMLO y \u00abplana mayor\u00bb de Morena"},"content":{"rendered":"\n<p>El gobernador, Sergio Salom\u00f3n C\u00e9spedes Peregrina, acudi\u00f3 a un encuentro en Palacio Nacional con el presidente de M\u00e9xico, Andr\u00e9s Manuel L\u00f3pez Obrador, en el que tambi\u00e9n estuvieron otros mandatarios del Movimiento Regeneraci\u00f3n Nacional (Morena) y sus partidos aliados.<\/p>\n\n\n\n<p>La reuni\u00f3n sirvi\u00f3 para analizar los avances de la \u201cCuarta Transformaci\u00f3n\u201d en el pa\u00eds y para preparar los festejos que se realizar\u00e1n en el z\u00f3calo de Ciudad de M\u00e9xico, por los cinco a\u00f1os de la victoria electoral del movimiento.<\/p>\n\n\n\n<p>\u201cEn Palacio Nacional, coincid\u00ed con compa\u00f1eras y compa\u00f1eros gobernadores, tras una reuni\u00f3n con el presidente Andr\u00e9s Manuel L\u00f3pez Obrador e integrantes de su gabinete. Estamos listos para celebrar y participar en el quinto aniversario del triunfo del pueblo, el pr\u00f3ximo 1 de julio\u201d, expres\u00f3 el mandatario poblano en sus redes sociales.<\/p>\n\n\n\n<p>Entre los asistentes estuvieron las gobernadores y gobernadores de Colima, Indira Vizca\u00edno Silva; de Tlaxcala; Lorena Cu\u00e9llar Cisneros; de Guerrero, Evelyn Salgado Pineda; de Quintana Roo, Mara Lezama Espinosa; de Michoac\u00e1n, Alfredo Ram\u00edrez Bedolla; de Morelos, Cuauht\u00e9moc Blanco Bravo; de Sinaloa, Rub\u00e9n Mocha Moya; Miguel \u00c1ngel Navarro Quintero, de Nayarit; Julio Menchaca Salazar, de Hidalgo; de Sonora, Alfonso Durazo Monta\u00f1o; y Delfina G\u00f3mez \u00c1lvarez, mandataria electa del Estado de M\u00e9xico.<\/p>\n\n\n\n<p>Tambi\u00e9n respondieron a la cita: Manuel Castro Cos\u00edo, de Baja California Sur; Ricardo Gallardo Cardona, de San Luis Potos\u00ed; Layda Sansores San Rom\u00e1n, de Campeche; Carlos Manuel Merino Campos, de Tabasco; Salom\u00f3n Jara Cruz, de Oaxaca; Cuitl\u00e1huac Garc\u00eda Jim\u00e9nez, de Veracruz; Marina del Pilar \u00c1vila Olmeda, de Baja California; Am\u00e9rico Villarreal Amaya, de Tamaulipas; David Monreal \u00c1vila, de Zacatecas; Rutilio Escand\u00f3n Cadenas, de Chiapas; y Mart\u00ed Batres Guadarrama, jefe de Gobierno de Ciudad de M\u00e9xico.<\/p>\n\n\n\n<p>Tambi\u00e9n fueron convocados integrantes del gabinete como la secretaria de Gobernaci\u00f3n, Luisa Mar\u00eda Alcalde Luj\u00e1n; el titular de la Defensa Nacional, Luis Cresencio Sandoval Gonz\u00e1lez; el director general de la Comisi\u00f3n Federal de Electricidad, Manuel Bartlett D\u00edaz, y el presidente nacional de Morena, Mario Delgado Carrillo.<\/p>\n\n\n\n<p>La cita ocurre en la misma semana que Claudia Sheinbaum Pardo, Marcelo Ebrard Casaub\u00f3n, Ad\u00e1n Augusto L\u00f3pez Hern\u00e1ndez, Ricardo Monreal \u00c1vila, Manuel Velasco Coello y Gerardo Fern\u00e1ndez Noro\u00f1a, aspirantes a la coordinaci\u00f3n nacional en Defensa de la Cuarta Transformaci\u00f3n, iniciaron recorridos por todo el pa\u00eds.<\/p>\n\n\n\n<p>Quien acceda al cargo, se convertir\u00e1 en el candidato de Morena a la Presidencia de la Rep\u00fablica en el a\u00f1o 2024.<\/p>\n","protected":false},"excerpt":{"rendered":"<p>El gobernador, Sergio Salom\u00f3n C\u00e9spedes Peregrina, acudi\u00f3 a un encuentro en Palacio Nacional con el presidente de M\u00e9xico, Andr\u00e9s Manuel L\u00f3pez Obrador, en el que tambi\u00e9n estuvieron otros mandatarios del Movimiento Regeneraci\u00f3n Nacional (Morena) y sus partidos aliados. La reuni\u00f3n sirvi\u00f3 para analizar los avances de la \u201cCuarta Transformaci\u00f3n\u201d en el pa\u00eds y para preparar [&hellip;]<\/p>\n","protected":false},"author":4,"featured_media":28446,"comment_status":"open","ping_status":"open","sticky":false,"template":"","format":"standard","meta":{"om_disable_all_campaigns":false,"_monsterinsights_skip_tracking":false,"_monsterinsights_sitenote_active":false,"_monsterinsights_sitenote_note":"","_monsterinsights_sitenote_category":0,"footnotes":""},"categories":[175],"tags":[223],"class_list":["post-28445","post","type-post","status-publish","format-standard","has-post-thumbnail","hentry","category-local","tag-puebla"],"amp_enabled":true,"_links":{"self":[{"href":"https:\/\/lahora.mx\/index.php\/wp-json\/wp\/v2\/posts\/28445","targetHints":{"allow":["GET"]}}],"collection":[{"href":"https:\/\/lahora.mx\/index.php\/wp-json\/wp\/v2\/posts"}],"about":[{"href":"https:\/\/lahora.mx\/index.php\/wp-json\/wp\/v2\/types\/post"}],"author":[{"embeddable":true,"href":"https:\/\/lahora.mx\/index.php\/wp-json\/wp\/v2\/users\/4"}],"replies":[{"embeddable":true,"href":"https:\/\/lahora.mx\/index.php\/wp-json\/wp\/v2\/comments?post=28445"}],"version-history":[{"count":1,"href":"https:\/\/lahora.mx\/index.php\/wp-json\/wp\/v2\/posts\/28445\/revisions"}],"predecessor-version":[{"id":28447,"href":"https:\/\/lahora.mx\/index.php\/wp-json\/wp\/v2\/posts\/28445\/revisions\/28447"}],"wp:featuredmedia":[{"embeddable":true,"href":"https:\/\/lahora.mx\/index.php\/wp-json\/wp\/v2\/media\/28446"}],"wp:attachment":[{"href":"https:\/\/lahora.mx\/index.php\/wp-json\/wp\/v2\/media?parent=28445"}],"wp:term":[{"taxonomy":"category","embeddable":true,"href":"https:\/\/lahora.mx\/index.php\/wp-json\/wp\/v2\/categories?post=28445"},{"taxonomy":"post_tag","embeddable":true,"href":"https:\/\/lahora.mx\/index.php\/wp-json\/wp\/v2\/tags?post=28445"}],"curies":[{"name":"wp","href":"https:\/\/api.w.org\/{rel}","templated":true}]}}