{"id":28433,"date":"2023-06-21T23:52:20","date_gmt":"2023-06-21T23:52:20","guid":{"rendered":"http:\/\/lahora.mx\/?p=28433"},"modified":"2023-06-21T23:52:21","modified_gmt":"2023-06-21T23:52:21","slug":"se-registran-cinco-incendios-forestales-en-coahuila","status":"publish","type":"post","link":"https:\/\/lahora.mx\/index.php\/2023\/06\/21\/se-registran-cinco-incendios-forestales-en-coahuila\/","title":{"rendered":"Se registran cinco incendios forestales en Coahuila"},"content":{"rendered":"\n<p class=\"wp-block-paragraph\">Brigadistas de Coahuila combaten cinco incendios forestales en las regiones sureste, desierto y carbon\u00edfera que han consumido m\u00e1s de 300 hect\u00e1reas.<\/p>\n\n\n\n<p class=\"wp-block-paragraph\">El primero de ellos se origin\u00f3 desde el pasado 4 de junio por una descarga el\u00e9ctrica en San Jos\u00e9 de los Nuncio, en el \u00e1rea conocida como \u201cLas Maravillas\u201d.<\/p>\n\n\n\n<p class=\"wp-block-paragraph\">La Secretaria del Medio Ambiente del estado dio a conocer que contin\u00faan las condiciones meteorol\u00f3gicas extremas durante toda la jornada, temperaturas superiores a 38 grados cent\u00edgrados y humedad relativa menor de 19 por ciento.<\/p>\n\n\n\n<p class=\"wp-block-paragraph\">En la zona hay una pendiente complicada que dificulta las labores de combate y liquidaci\u00f3n de los 120 brigadistas asignados al incendio.<\/p>\n\n\n\n<p class=\"wp-block-paragraph\">Los combatientes son transportados por helic\u00f3ptero cuando las condiciones lo permiten, al momento se reporta un 80 por ciento de avance en el control del fuego y un 70 por ciento de liquidaci\u00f3n.<\/p>\n\n\n\n<p class=\"wp-block-paragraph\">Brigadistas combaten un incendio en Coahuila<br>A los esfuerzos se suma un helic\u00f3ptero Bell 206 L4 del estado, necesario para labores de log\u00edstica y sobrevuelos de valoraci\u00f3n que permiten adecuar la estrategia a seguir en la atenci\u00f3n del incidente, as\u00ed como otro helic\u00f3ptero m\u00e1s, el UH XB-OUV, del gobierno del estado para la descarga de retardante de fuego.<br>Adem\u00e1s, se cuenta con dos helic\u00f3pteros MI de la Fuerza A\u00e9rea Mexicana, con matr\u00edculas 1717 y 1709, con capacidad de descarga de 2 mil 500 litros de agua en cada viaje, que se emplean para enfriar los puntos m\u00e1s dif\u00edciles en los frentes del incendio donde trabajan los brigadistas en la elaboraci\u00f3n de las brechas cortafuegos y equipo de apoyo, como 4 pipas de 20 mil litros, 2 colapsables para el abasto de agua a los helic\u00f3pteros y una ambulancia.<\/p>\n\n\n\n<p class=\"wp-block-paragraph\">El \u00e1rea afectada estimada es de 190 hect\u00e1reas, con 40 por ciento de matorral, 55 por ciento de pastizal y 5 por ciento de arbolado adulto.<\/p>\n\n\n\n<p class=\"wp-block-paragraph\">Te puede interesar: Por ola de calor comienza escasez de hielo y agua en garraf\u00f3n<\/p>\n\n\n\n<p class=\"wp-block-paragraph\">El otro incendio forestal se registra en la Sierra Madre en Cuatro Ci\u00e9negas, donde se tiene un avance en el control del 40 por ciento y un 20 por ciento de liquidaci\u00f3n, causado por una descarga el\u00e9ctrica.<\/p>\n\n\n\n<p class=\"wp-block-paragraph\">El \u00e1rea afectada estimada es de 100 hect\u00e1reas, con 60 por ciento de matorral y 40 por ciento de pastizal, pero ser\u00e1 hasta que finalice el control del incendio que se har\u00e1 una evaluaci\u00f3n precisa de la superficie y vegetaci\u00f3n afectadas.<\/p>\n\n\n\n<p class=\"wp-block-paragraph\">El tercer incendio forestal se registra en el predio \u201cLos Picos de Davis\u201d, en M\u00fazquiz, iniciado por una descarga el\u00e9ctrica.<\/p>\n\n\n\n<p class=\"wp-block-paragraph\">Se asign\u00f3 personal de las brigadas de la Secretar\u00eda de Medio Ambiente y Comisi\u00f3n Nacional Forestal, para iniciar las labores de combate.<\/p>\n\n\n\n<p class=\"wp-block-paragraph\">Los estratos afectados son matorral y pastizal en una superficie de 30 hect\u00e1reas, mayores datos del incidente ser\u00e1n informados el d\u00eda de ma\u00f1ana.<\/p>\n\n\n\n<p class=\"wp-block-paragraph\">A las 13:00 horas de ayer martes se recibi\u00f3 el reporte del cuarto incendio en el predio \u201cLas Hayas\u201d, en M\u00fazquiz, y se ha asignado para su control a personal de las brigadas de CONAFOR, Secretar\u00e1 de Medio Ambiente y voluntarios.<\/p>\n\n\n\n<p class=\"wp-block-paragraph\">La causa del incidente se reporta por descarga el\u00e9ctrica. Para el d\u00eda de ma\u00f1ana se podr\u00e1 reportar la estimaci\u00f3n de la superficie y vegetaci\u00f3n afectada, as\u00ed como el avance en los trabajos.<\/p>\n\n\n\n<p class=\"wp-block-paragraph\">El quinto incendio forestal se registra en \u201cSanta Elena\u201d, en el kil\u00f3metro 72 en el municipio de Ocampo, inici\u00f3 el d\u00eda de ayer por una descarga el\u00e9ctrica, afectando matorral y pastizal. Se le ha designado personal de las brigadas de Secretar\u00eda de Medio Ambiente y brigadas rurales para su atenci\u00f3n.<\/p>\n","protected":false},"excerpt":{"rendered":"<p>Brigadistas de Coahuila combaten cinco incendios forestales en las regiones sureste, desierto y carbon\u00edfera que han consumido m\u00e1s de 300 hect\u00e1reas. El primero de ellos se origin\u00f3 desde el pasado 4 de junio por una descarga el\u00e9ctrica en San Jos\u00e9 de los Nuncio, en el \u00e1rea conocida como \u201cLas Maravillas\u201d. La Secretaria del Medio Ambiente [&hellip;]<\/p>\n","protected":false},"author":4,"featured_media":28434,"comment_status":"open","ping_status":"open","sticky":false,"template":"","format":"standard","meta":{"om_disable_all_campaigns":false,"_monsterinsights_skip_tracking":false,"footnotes":""},"categories":[175],"tags":[],"class_list":["post-28433","post","type-post","status-publish","format-standard","has-post-thumbnail","hentry","category-local"],"amp_enabled":true,"_links":{"self":[{"href":"https:\/\/lahora.mx\/index.php\/wp-json\/wp\/v2\/posts\/28433","targetHints":{"allow":["GET"]}}],"collection":[{"href":"https:\/\/lahora.mx\/index.php\/wp-json\/wp\/v2\/posts"}],"about":[{"href":"https:\/\/lahora.mx\/index.php\/wp-json\/wp\/v2\/types\/post"}],"author":[{"embeddable":true,"href":"https:\/\/lahora.mx\/index.php\/wp-json\/wp\/v2\/users\/4"}],"replies":[{"embeddable":true,"href":"https:\/\/lahora.mx\/index.php\/wp-json\/wp\/v2\/comments?post=28433"}],"version-history":[{"count":1,"href":"https:\/\/lahora.mx\/index.php\/wp-json\/wp\/v2\/posts\/28433\/revisions"}],"predecessor-version":[{"id":28435,"href":"https:\/\/lahora.mx\/index.php\/wp-json\/wp\/v2\/posts\/28433\/revisions\/28435"}],"wp:featuredmedia":[{"embeddable":true,"href":"https:\/\/lahora.mx\/index.php\/wp-json\/wp\/v2\/media\/28434"}],"wp:attachment":[{"href":"https:\/\/lahora.mx\/index.php\/wp-json\/wp\/v2\/media?parent=28433"}],"wp:term":[{"taxonomy":"category","embeddable":true,"href":"https:\/\/lahora.mx\/index.php\/wp-json\/wp\/v2\/categories?post=28433"},{"taxonomy":"post_tag","embeddable":true,"href":"https:\/\/lahora.mx\/index.php\/wp-json\/wp\/v2\/tags?post=28433"}],"curies":[{"name":"wp","href":"https:\/\/api.w.org\/{rel}","templated":true}]}}