{"id":2842,"date":"2022-02-07T23:31:53","date_gmt":"2022-02-07T23:31:53","guid":{"rendered":"http:\/\/lahora.mx\/?p=2842"},"modified":"2022-02-07T23:31:53","modified_gmt":"2022-02-07T23:31:53","slug":"dan-a-conocer-ganadores-de-elecciones-de-hueyotlipan-y-romero-vargas","status":"publish","type":"post","link":"https:\/\/lahora.mx\/index.php\/2022\/02\/07\/dan-a-conocer-ganadores-de-elecciones-de-hueyotlipan-y-romero-vargas\/","title":{"rendered":"Dan a conocer ganadores de elecciones de Hueyotlipan y Romero Vargas"},"content":{"rendered":"\n<p>Tras las elecciones de ayer en las juntas auxiliares de Puebla capital, las autoridades dieron a conocer los resultados y ganadores oficiales de Ignacio Romero Vargas y San Felipe Hueyotlipan.<\/p>\n\n\n\n<p>En el caso de Ignacio Romero Vargas los resultados por planilla son los siguientes:\u00a0<strong>Por el bienestar de IRV:<\/strong>\u00a02 mil 245,<strong>\u00a0Gesti\u00f3n con acci\u00f3n:<\/strong>\u00a02 mil 514,\u00a0<strong>Juntos por un cambio:<\/strong>\u00a0258,\u00a0<strong>Justicia Social:<\/strong>\u00a0300,\u00a0<strong>C\u00edrculo La pde la Transformaci\u00f3n:<\/strong>\u00a0195,\u00a0<strong>Igualdad y Progreso:<\/strong>\u00a060.<br>La planilla ganadora fue \u00abGesti\u00f3n con acci\u00f3n\u00bb siendo Jos\u00e9 Enrique Matamoros como propietario de planilla, Aranzazu Illescas L\u00f3pez, Gonzala Sandoval, Daniela M\u00e9ndez, Jos\u00e9 Carlos Paisano como miembros.<br><\/p>\n\n\n\n<p>Mientras que en San Felipe Hueyotlipan los resultados por planilla son los siguientes:<strong>&nbsp;\u00d3valo Amarillo:<\/strong>&nbsp;647,&nbsp;<strong>Alianza:&nbsp;<\/strong>860,&nbsp;<strong>Pent\u00e1gono Azul:&nbsp;<\/strong>402,<strong>&nbsp;Cuadro Naranja:<\/strong>&nbsp;876,&nbsp;<strong>Estrella Dorada:&nbsp;<\/strong>882,&nbsp;<strong>Rombo Morado:<\/strong>&nbsp;240,&nbsp;<strong>La Campana:<\/strong>&nbsp;173,&nbsp;<strong>5 de Febrero C\u00edrculo Verde:<\/strong>&nbsp;64.<\/p>\n\n\n\n<p>La planilla ganadora fue \u00abEstrella Dorada\u00bb siendo Marcial Jes\u00fas Malcos Cruz como propietario y Teresa Morales D\u00edaz, Nereo S\u00e1nchez Bravo, Alejandro Acosta Ramos, Sandra Guadalupe Portillo Mu\u00f1oz como miembros de planilla.<\/p>\n","protected":false},"excerpt":{"rendered":"<p>Tras las elecciones de ayer en las juntas auxiliares de Puebla capital, las autoridades dieron a conocer los resultados y ganadores oficiales de Ignacio Romero Vargas y San Felipe Hueyotlipan. En el caso de Ignacio Romero Vargas los resultados por planilla son los siguientes:\u00a0Por el bienestar de IRV:\u00a02 mil 245,\u00a0Gesti\u00f3n con acci\u00f3n:\u00a02 mil 514,\u00a0Juntos por [&hellip;]<\/p>\n","protected":false},"author":4,"featured_media":2843,"comment_status":"open","ping_status":"open","sticky":false,"template":"","format":"standard","meta":{"om_disable_all_campaigns":false,"_monsterinsights_skip_tracking":false,"_monsterinsights_sitenote_active":false,"_monsterinsights_sitenote_note":"","_monsterinsights_sitenote_category":0,"footnotes":""},"categories":[175],"tags":[],"class_list":["post-2842","post","type-post","status-publish","format-standard","has-post-thumbnail","hentry","category-local"],"amp_enabled":true,"_links":{"self":[{"href":"https:\/\/lahora.mx\/index.php\/wp-json\/wp\/v2\/posts\/2842","targetHints":{"allow":["GET"]}}],"collection":[{"href":"https:\/\/lahora.mx\/index.php\/wp-json\/wp\/v2\/posts"}],"about":[{"href":"https:\/\/lahora.mx\/index.php\/wp-json\/wp\/v2\/types\/post"}],"author":[{"embeddable":true,"href":"https:\/\/lahora.mx\/index.php\/wp-json\/wp\/v2\/users\/4"}],"replies":[{"embeddable":true,"href":"https:\/\/lahora.mx\/index.php\/wp-json\/wp\/v2\/comments?post=2842"}],"version-history":[{"count":1,"href":"https:\/\/lahora.mx\/index.php\/wp-json\/wp\/v2\/posts\/2842\/revisions"}],"predecessor-version":[{"id":2844,"href":"https:\/\/lahora.mx\/index.php\/wp-json\/wp\/v2\/posts\/2842\/revisions\/2844"}],"wp:featuredmedia":[{"embeddable":true,"href":"https:\/\/lahora.mx\/index.php\/wp-json\/wp\/v2\/media\/2843"}],"wp:attachment":[{"href":"https:\/\/lahora.mx\/index.php\/wp-json\/wp\/v2\/media?parent=2842"}],"wp:term":[{"taxonomy":"category","embeddable":true,"href":"https:\/\/lahora.mx\/index.php\/wp-json\/wp\/v2\/categories?post=2842"},{"taxonomy":"post_tag","embeddable":true,"href":"https:\/\/lahora.mx\/index.php\/wp-json\/wp\/v2\/tags?post=2842"}],"curies":[{"name":"wp","href":"https:\/\/api.w.org\/{rel}","templated":true}]}}