{"id":28419,"date":"2023-06-21T22:33:10","date_gmt":"2023-06-21T22:33:10","guid":{"rendered":"http:\/\/lahora.mx\/?p=28419"},"modified":"2023-06-21T22:33:10","modified_gmt":"2023-06-21T22:33:10","slug":"aprueba-comision-exhorto-para-fortalecer-asesoria-sobre-tramites-de-pension-alimenticia-y-violencia-familiar","status":"publish","type":"post","link":"https:\/\/lahora.mx\/index.php\/2023\/06\/21\/aprueba-comision-exhorto-para-fortalecer-asesoria-sobre-tramites-de-pension-alimenticia-y-violencia-familiar\/","title":{"rendered":"Aprueba Comisi\u00f3n exhorto para fortalecer asesor\u00eda sobre tr\u00e1mites de pensi\u00f3n alimenticia y violencia familiar"},"content":{"rendered":"\n<p>on el objetivo de garantizar los derechos de las mujeres y que reciban asistencia de las instituciones, la Comisi\u00f3n de Igualdad de G\u00e9nero de la LXI Legislatura del Congreso del Estado aprob\u00f3 un punto de acuerdo para fortalecer la difusi\u00f3n de campa\u00f1as de asesor\u00eda jur\u00eddica y psicol\u00f3gica sobre los tr\u00e1mites de pensi\u00f3n alimenticia, guarda y custodia, as\u00ed como violencia familiar.<\/p>\n\n\n\n<p>En el punto de acuerdo, avalado por unanimidad, se plantea exhortar a la Secretar\u00eda de Igualdad Sustantiva del Gobierno del Estado para que, de acuerdo con sus atribuciones y suficiencia presupuestal, fortalezca la difusi\u00f3n de las campa\u00f1as de asesor\u00eda jur\u00eddica y psicol\u00f3gica dirigidas a mujeres madres de familia.<\/p>\n\n\n\n<p>Antes de votar el punto de acuerdo, la diputada M\u00f3nica Silva Ruiz propuso una modificaci\u00f3n al dictamen, pues inicialmente no se consider\u00f3 la guarda y custodia como uno de los temas para asesor\u00eda; su propuesta fue tomada en cuenta e incorporada en el exhorto. Mientras que la diputada Xel Arianna Hern\u00e1ndez Garc\u00eda detall\u00f3 que la dependencia ya otorga asesor\u00edas en esta materia, por lo que es necesario reforzarlas.<\/p>\n\n\n\n<p>En la sesi\u00f3n de la Comisi\u00f3n de Igualdad de G\u00e9nero estuvieron presentes las y los diputados M\u00f3nica Silva Ruiz, Adolfo Alatriste Cant\u00fa, Azucena Rosas Tapia, Xel Arianna Hern\u00e1ndez Garc\u00eda, Laura Zapata Mart\u00ednez, Norma Reyes Cabrera, Edgar Garmendia de los Santos, Karla Rodr\u00edguez Palacios y Tonantzin Fern\u00e1ndez D\u00edaz.<\/p>\n","protected":false},"excerpt":{"rendered":"<p>on el objetivo de garantizar los derechos de las mujeres y que reciban asistencia de las instituciones, la Comisi\u00f3n de Igualdad de G\u00e9nero de la LXI Legislatura del Congreso del Estado aprob\u00f3 un punto de acuerdo para fortalecer la difusi\u00f3n de campa\u00f1as de asesor\u00eda jur\u00eddica y psicol\u00f3gica sobre los tr\u00e1mites de pensi\u00f3n alimenticia, guarda y [&hellip;]<\/p>\n","protected":false},"author":4,"featured_media":28421,"comment_status":"open","ping_status":"open","sticky":false,"template":"","format":"standard","meta":{"om_disable_all_campaigns":false,"_monsterinsights_skip_tracking":false,"_monsterinsights_sitenote_active":false,"_monsterinsights_sitenote_note":"","_monsterinsights_sitenote_category":0,"footnotes":""},"categories":[175],"tags":[227,223],"class_list":["post-28419","post","type-post","status-publish","format-standard","has-post-thumbnail","hentry","category-local","tag-congreso","tag-puebla"],"amp_enabled":true,"_links":{"self":[{"href":"https:\/\/lahora.mx\/index.php\/wp-json\/wp\/v2\/posts\/28419","targetHints":{"allow":["GET"]}}],"collection":[{"href":"https:\/\/lahora.mx\/index.php\/wp-json\/wp\/v2\/posts"}],"about":[{"href":"https:\/\/lahora.mx\/index.php\/wp-json\/wp\/v2\/types\/post"}],"author":[{"embeddable":true,"href":"https:\/\/lahora.mx\/index.php\/wp-json\/wp\/v2\/users\/4"}],"replies":[{"embeddable":true,"href":"https:\/\/lahora.mx\/index.php\/wp-json\/wp\/v2\/comments?post=28419"}],"version-history":[{"count":1,"href":"https:\/\/lahora.mx\/index.php\/wp-json\/wp\/v2\/posts\/28419\/revisions"}],"predecessor-version":[{"id":28422,"href":"https:\/\/lahora.mx\/index.php\/wp-json\/wp\/v2\/posts\/28419\/revisions\/28422"}],"wp:featuredmedia":[{"embeddable":true,"href":"https:\/\/lahora.mx\/index.php\/wp-json\/wp\/v2\/media\/28421"}],"wp:attachment":[{"href":"https:\/\/lahora.mx\/index.php\/wp-json\/wp\/v2\/media?parent=28419"}],"wp:term":[{"taxonomy":"category","embeddable":true,"href":"https:\/\/lahora.mx\/index.php\/wp-json\/wp\/v2\/categories?post=28419"},{"taxonomy":"post_tag","embeddable":true,"href":"https:\/\/lahora.mx\/index.php\/wp-json\/wp\/v2\/tags?post=28419"}],"curies":[{"name":"wp","href":"https:\/\/api.w.org\/{rel}","templated":true}]}}