{"id":28415,"date":"2023-06-21T22:25:35","date_gmt":"2023-06-21T22:25:35","guid":{"rendered":"http:\/\/lahora.mx\/?p=28415"},"modified":"2023-06-21T22:33:36","modified_gmt":"2023-06-21T22:33:36","slug":"con-martes-incluyente-sedif-promueve-servicios-para-personas-con-discapacidad","status":"publish","type":"post","link":"https:\/\/lahora.mx\/index.php\/2023\/06\/21\/con-martes-incluyente-sedif-promueve-servicios-para-personas-con-discapacidad\/","title":{"rendered":"Con \u201cMartes Incluyente\u201d, SEDIF promueve servicios para personas con discapacidad"},"content":{"rendered":"\n<p>Con la finalidad de atender de manera puntual a las personas con alg\u00fan tipo de discapacidad, el gobierno presente de Sergio Salom\u00f3n, a trav\u00e9s del Sistema Estatal DIF que encabeza Gaby Bonilla, presidenta honoraria del Patronato, puso en marcha el \u201cMartes Incluyente\u201d en esta demarcaci\u00f3n, a fin de acercar programas y servicios a 32 comunidades y cinco juntas auxiliares de 11 municipios de la zona.<\/p>\n\n\n\n<p>Esta iniciativa fue realizada en colaboraci\u00f3n con el Centro de Rehabilitaci\u00f3n e Inclusi\u00f3n Infantil Telet\u00f3n (CRIT) Puebla, la asociaci\u00f3n de beneficencia privada \u201cUna Nueva Esperanza\u201d y el Sistema Municipal DIF de Chiautla, que brindaron distintos servicios en favor de este grupo de la poblaci\u00f3n para mejorar su calidad de vida y bienestar.<\/p>\n\n\n\n<p>Dentro de los beneficios, el SEDIF otorg\u00f3 aparatos ortop\u00e9dicos, asesor\u00eda jur\u00eddica e informaci\u00f3n sobre programas de asistencia social, adem\u00e1s, a trav\u00e9s de la Direcci\u00f3n de Alimentaci\u00f3n y Desarrollo Comunitario, inici\u00f3 el programa de cocina m\u00f3vil con orientaci\u00f3n nutricional y preparaci\u00f3n de alimentos, capacitaci\u00f3n interactiva, toma de peso y talla, consultas de nutrici\u00f3n y degustaci\u00f3n de recetas con amaranto.<\/p>\n\n\n\n<p>Personal del CRIT Puebla dio consultas sobre medicina f\u00edsica y rehabilitaci\u00f3n a ni\u00f1as, ni\u00f1os y personas adultas con discapacidad temporal o permanente, as\u00ed como distintos tipos de terapias, revisi\u00f3n y mantenimiento b\u00e1sico de sillas de ruedas, entre otros servicios; por su parte, la fundaci\u00f3n \u201cUna Nueva Esperanza\u201d brind\u00f3 pl\u00e1ticas sobre la atenci\u00f3n oportuna del c\u00e1ncer infantil a las y los presentes.<\/p>\n\n\n\n<p>El SEDIF llevar\u00e1 este tipo de jornadas incluyentes a distintos municipios para que las personas con alguna limitaci\u00f3n de movilidad accedan a programas y servicios que contribuyan a su bienestar, como parte de la atenci\u00f3n integral a poblanas y poblanos con discapacidad en toda la entidad.<\/p>\n","protected":false},"excerpt":{"rendered":"<p>Con la finalidad de atender de manera puntual a las personas con alg\u00fan tipo de discapacidad, el gobierno presente de Sergio Salom\u00f3n, a trav\u00e9s del Sistema Estatal DIF que encabeza Gaby Bonilla, presidenta honoraria del Patronato, puso en marcha el \u201cMartes Incluyente\u201d en esta demarcaci\u00f3n, a fin de acercar programas y servicios a 32 comunidades [&hellip;]<\/p>\n","protected":false},"author":4,"featured_media":28416,"comment_status":"open","ping_status":"open","sticky":false,"template":"","format":"standard","meta":{"om_disable_all_campaigns":false,"_monsterinsights_skip_tracking":false,"_monsterinsights_sitenote_active":false,"_monsterinsights_sitenote_note":"","_monsterinsights_sitenote_category":0,"footnotes":""},"categories":[175],"tags":[195,223],"class_list":["post-28415","post","type-post","status-publish","format-standard","has-post-thumbnail","hentry","category-local","tag-principal","tag-puebla"],"amp_enabled":true,"_links":{"self":[{"href":"https:\/\/lahora.mx\/index.php\/wp-json\/wp\/v2\/posts\/28415","targetHints":{"allow":["GET"]}}],"collection":[{"href":"https:\/\/lahora.mx\/index.php\/wp-json\/wp\/v2\/posts"}],"about":[{"href":"https:\/\/lahora.mx\/index.php\/wp-json\/wp\/v2\/types\/post"}],"author":[{"embeddable":true,"href":"https:\/\/lahora.mx\/index.php\/wp-json\/wp\/v2\/users\/4"}],"replies":[{"embeddable":true,"href":"https:\/\/lahora.mx\/index.php\/wp-json\/wp\/v2\/comments?post=28415"}],"version-history":[{"count":1,"href":"https:\/\/lahora.mx\/index.php\/wp-json\/wp\/v2\/posts\/28415\/revisions"}],"predecessor-version":[{"id":28417,"href":"https:\/\/lahora.mx\/index.php\/wp-json\/wp\/v2\/posts\/28415\/revisions\/28417"}],"wp:featuredmedia":[{"embeddable":true,"href":"https:\/\/lahora.mx\/index.php\/wp-json\/wp\/v2\/media\/28416"}],"wp:attachment":[{"href":"https:\/\/lahora.mx\/index.php\/wp-json\/wp\/v2\/media?parent=28415"}],"wp:term":[{"taxonomy":"category","embeddable":true,"href":"https:\/\/lahora.mx\/index.php\/wp-json\/wp\/v2\/categories?post=28415"},{"taxonomy":"post_tag","embeddable":true,"href":"https:\/\/lahora.mx\/index.php\/wp-json\/wp\/v2\/tags?post=28415"}],"curies":[{"name":"wp","href":"https:\/\/api.w.org\/{rel}","templated":true}]}}