{"id":28403,"date":"2023-06-21T22:09:44","date_gmt":"2023-06-21T22:09:44","guid":{"rendered":"http:\/\/lahora.mx\/?p=28403"},"modified":"2023-06-21T22:09:45","modified_gmt":"2023-06-21T22:09:45","slug":"se-lleva-acabo-la-jornada-de-asesoria-juridica-gratuita-en-san-andres-cholula","status":"publish","type":"post","link":"https:\/\/lahora.mx\/index.php\/2023\/06\/21\/se-lleva-acabo-la-jornada-de-asesoria-juridica-gratuita-en-san-andres-cholula\/","title":{"rendered":"Se lleva acabo la Jornada de asesor\u00eda jur\u00eddica gratuita en San Andr\u00e9s Cholula"},"content":{"rendered":"\n<p>En el municipio de San Andr\u00e9s Cholula, se llev\u00f3 a cabo una jornada gratuita de asesor\u00eda jur\u00eddica en la delegaci\u00f3n Atlixc\u00e1yotl en beneficio de los habitantes de dicha demarcaci\u00f3n.<\/p>\n\n\n\n<p>El objetivo fue representar a la ciudadan\u00eda y otorgarles una correcta asesor\u00eda legal en alg\u00fan proceso legal, en caso de no contar con los servicios de un abogado particular; la orientaci\u00f3n brindada fue en materia civil y familiar.<br>La jornada se ejecut\u00f3 en conjunto con el Consejo de la Judicatura del Poder Judicial del Estado de Puebla y el Ayuntamiento de San Andr\u00e9s Cholula.<\/p>\n\n\n\n<p>Al respecto, el presidente municipal sanandrese\u00f1o, Edmundo Tlatehui, llam\u00f3 a los habitantes de la delegaci\u00f3n Atlixc\u00e1yotl a aprovechar la asesor\u00eda con el prop\u00f3sito de brindarles tranquilidad y seguridad, comentando que \u201cdesde la administraci\u00f3n p\u00fablica todos los d\u00edas recibimos un problema diferente, porque no se cuenta con la asesor\u00eda o no se tiene el recurso para un abogado\u201d.<\/p>\n\n\n\n<p>Por lo anterior, invit\u00f3 a los habitantes de la delegaci\u00f3n Atlixc\u00e1yotl a aprovechar la jornada de asesor\u00eda jur\u00eddica gratuita realizada ayer, 20 de junio, en la delegaci\u00f3n perteneciente a San Andr\u00e9s Cholula.<\/p>\n","protected":false},"excerpt":{"rendered":"<p>En el municipio de San Andr\u00e9s Cholula, se llev\u00f3 a cabo una jornada gratuita de asesor\u00eda jur\u00eddica en la delegaci\u00f3n Atlixc\u00e1yotl en beneficio de los habitantes de dicha demarcaci\u00f3n. El objetivo fue representar a la ciudadan\u00eda y otorgarles una correcta asesor\u00eda legal en alg\u00fan proceso legal, en caso de no contar con los servicios de [&hellip;]<\/p>\n","protected":false},"author":4,"featured_media":28404,"comment_status":"open","ping_status":"open","sticky":false,"template":"","format":"standard","meta":{"om_disable_all_campaigns":false,"_monsterinsights_skip_tracking":false,"_monsterinsights_sitenote_active":false,"_monsterinsights_sitenote_note":"","_monsterinsights_sitenote_category":0,"footnotes":""},"categories":[175],"tags":[234,223],"class_list":["post-28403","post","type-post","status-publish","format-standard","has-post-thumbnail","hentry","category-local","tag-cholula","tag-puebla"],"amp_enabled":true,"_links":{"self":[{"href":"https:\/\/lahora.mx\/index.php\/wp-json\/wp\/v2\/posts\/28403","targetHints":{"allow":["GET"]}}],"collection":[{"href":"https:\/\/lahora.mx\/index.php\/wp-json\/wp\/v2\/posts"}],"about":[{"href":"https:\/\/lahora.mx\/index.php\/wp-json\/wp\/v2\/types\/post"}],"author":[{"embeddable":true,"href":"https:\/\/lahora.mx\/index.php\/wp-json\/wp\/v2\/users\/4"}],"replies":[{"embeddable":true,"href":"https:\/\/lahora.mx\/index.php\/wp-json\/wp\/v2\/comments?post=28403"}],"version-history":[{"count":1,"href":"https:\/\/lahora.mx\/index.php\/wp-json\/wp\/v2\/posts\/28403\/revisions"}],"predecessor-version":[{"id":28405,"href":"https:\/\/lahora.mx\/index.php\/wp-json\/wp\/v2\/posts\/28403\/revisions\/28405"}],"wp:featuredmedia":[{"embeddable":true,"href":"https:\/\/lahora.mx\/index.php\/wp-json\/wp\/v2\/media\/28404"}],"wp:attachment":[{"href":"https:\/\/lahora.mx\/index.php\/wp-json\/wp\/v2\/media?parent=28403"}],"wp:term":[{"taxonomy":"category","embeddable":true,"href":"https:\/\/lahora.mx\/index.php\/wp-json\/wp\/v2\/categories?post=28403"},{"taxonomy":"post_tag","embeddable":true,"href":"https:\/\/lahora.mx\/index.php\/wp-json\/wp\/v2\/tags?post=28403"}],"curies":[{"name":"wp","href":"https:\/\/api.w.org\/{rel}","templated":true}]}}