{"id":28382,"date":"2023-06-21T00:37:06","date_gmt":"2023-06-21T00:37:06","guid":{"rendered":"http:\/\/lahora.mx\/?p=28382"},"modified":"2023-06-21T00:37:07","modified_gmt":"2023-06-21T00:37:07","slug":"nuevo-horario-para-los-verificentros-en-puebla","status":"publish","type":"post","link":"https:\/\/lahora.mx\/index.php\/2023\/06\/21\/nuevo-horario-para-los-verificentros-en-puebla\/","title":{"rendered":"Nuevo horario para los verificentros en Puebla"},"content":{"rendered":"\n<p>A pocos d\u00edas de que concluya el plazo para realizar la verificaci\u00f3n vehicular en Puebla, la Secretar\u00eda de Medio Ambiente poblana anunci\u00f3 que a partir de hoy extender\u00e1n los horarios de atenci\u00f3n para que la ciudadan\u00eda acuda a los verificentros para cumplir con el tr\u00e1mite.<\/p>\n\n\n\n<p>Si a\u00fan no has realizado la verificaci\u00f3n vehicular, en e-consulta te contamos a detalle cu\u00e1l ser\u00e1 el horario de atenci\u00f3n que tendr\u00e1n los verificentros en Puebla y cu\u00e1l ser\u00e1 el \u00faltimo d\u00eda en el que podr\u00e1s acudir a ellos para cumplir con dicha obligaci\u00f3n.<\/p>\n\n\n\n<p>\u00bfCu\u00e1l es el horario extendido para verificaci\u00f3n vehicular en Puebla?<br>De acuerdo con la Secretar\u00eda de Medio Ambiente, el horario extendido para realizar la verificaci\u00f3n vehicular en todos los verificentros en Puebla comenzar\u00e1 a partir de hoy hasta el 30 de junio de 2023 y ser\u00e1n los siguientes.<\/p>\n\n\n\n<p>\u00b7 Lunes a viernes de 08:00 a 22:00 horas<\/p>\n\n\n\n<p>\u00b7 S\u00e1bado de 08:00 a 20:00 horas<\/p>\n\n\n\n<p>\u00b7 Domingo de 08:00 a 18:00 horas<\/p>\n\n\n\n<p>Sugerimos: Multas por Verificaci\u00f3n Vehicular Puebla: as\u00ed ser\u00e1n aplicadas<\/p>\n\n\n\n<p>\u00bfQu\u00e9 pasa si no cumplo con la verificaci\u00f3n vehicular en Puebla?<\/p>\n\n\n\n<p>En caso de no realizar la verificaci\u00f3n vehicular en Puebla, cuya fecha l\u00edmite del tr\u00e1mite es hasta el 30 de junio de 2023, ser\u00e1s acreedor a una multa de 20 Unidades de Medida y Actualizaci\u00f3n (UMA) que corresponde a 2 mil 74 pesos.<\/p>\n\n\n\n<p>Si planeas asistir a uno de los verificentros en horario extendido en los pr\u00f3ximos d\u00edas para realizar la verificaci\u00f3n vehicular en Puebla, puedes agendar tu cita a trav\u00e9s del portal citasenlinea.puebla.gob.mx y evitar contratiempos.<\/p>\n","protected":false},"excerpt":{"rendered":"<p>A pocos d\u00edas de que concluya el plazo para realizar la verificaci\u00f3n vehicular en Puebla, la Secretar\u00eda de Medio Ambiente poblana anunci\u00f3 que a partir de hoy extender\u00e1n los horarios de atenci\u00f3n para que la ciudadan\u00eda acuda a los verificentros para cumplir con el tr\u00e1mite. Si a\u00fan no has realizado la verificaci\u00f3n vehicular, en e-consulta [&hellip;]<\/p>\n","protected":false},"author":4,"featured_media":28383,"comment_status":"open","ping_status":"open","sticky":false,"template":"","format":"standard","meta":{"om_disable_all_campaigns":false,"_monsterinsights_skip_tracking":false,"_monsterinsights_sitenote_active":false,"_monsterinsights_sitenote_note":"","_monsterinsights_sitenote_category":0,"footnotes":""},"categories":[175],"tags":[195,223],"class_list":["post-28382","post","type-post","status-publish","format-standard","has-post-thumbnail","hentry","category-local","tag-principal","tag-puebla"],"amp_enabled":true,"_links":{"self":[{"href":"https:\/\/lahora.mx\/index.php\/wp-json\/wp\/v2\/posts\/28382","targetHints":{"allow":["GET"]}}],"collection":[{"href":"https:\/\/lahora.mx\/index.php\/wp-json\/wp\/v2\/posts"}],"about":[{"href":"https:\/\/lahora.mx\/index.php\/wp-json\/wp\/v2\/types\/post"}],"author":[{"embeddable":true,"href":"https:\/\/lahora.mx\/index.php\/wp-json\/wp\/v2\/users\/4"}],"replies":[{"embeddable":true,"href":"https:\/\/lahora.mx\/index.php\/wp-json\/wp\/v2\/comments?post=28382"}],"version-history":[{"count":1,"href":"https:\/\/lahora.mx\/index.php\/wp-json\/wp\/v2\/posts\/28382\/revisions"}],"predecessor-version":[{"id":28384,"href":"https:\/\/lahora.mx\/index.php\/wp-json\/wp\/v2\/posts\/28382\/revisions\/28384"}],"wp:featuredmedia":[{"embeddable":true,"href":"https:\/\/lahora.mx\/index.php\/wp-json\/wp\/v2\/media\/28383"}],"wp:attachment":[{"href":"https:\/\/lahora.mx\/index.php\/wp-json\/wp\/v2\/media?parent=28382"}],"wp:term":[{"taxonomy":"category","embeddable":true,"href":"https:\/\/lahora.mx\/index.php\/wp-json\/wp\/v2\/categories?post=28382"},{"taxonomy":"post_tag","embeddable":true,"href":"https:\/\/lahora.mx\/index.php\/wp-json\/wp\/v2\/tags?post=28382"}],"curies":[{"name":"wp","href":"https:\/\/api.w.org\/{rel}","templated":true}]}}