{"id":28379,"date":"2023-06-21T00:35:19","date_gmt":"2023-06-21T00:35:19","guid":{"rendered":"http:\/\/lahora.mx\/?p=28379"},"modified":"2023-06-21T00:35:20","modified_gmt":"2023-06-21T00:35:20","slug":"pan-puebla-confirma-alianza-con-pri-y-prd","status":"publish","type":"post","link":"https:\/\/lahora.mx\/index.php\/2023\/06\/21\/pan-puebla-confirma-alianza-con-pri-y-prd\/","title":{"rendered":"PAN Puebla confirma alianza con PRI y PRD"},"content":{"rendered":"\n<p>Luego de meses de negociaci\u00f3n para afinar las reglas de participaci\u00f3n, la dirigente estatal de Acci\u00f3n Nacional (PAN) en Puebla, Augusta Valentina D\u00edaz de Rivera Hern\u00e1ndez, confirm\u00f3 que la alianza Va por Puebla competir\u00e1 contra Morena en las elecciones 2024.<\/p>\n\n\n\n<p>En entrevista, dijo que seguir\u00e1 trabajando de la mano de los dirigentes del Revolucionario Institucional (PRI), N\u00e9stor Camarillo Medina; y del Partido de la Revoluci\u00f3n Democr\u00e1tica (PRD), Carlos Mart\u00ednez Amador, para garantizar que el proceso interno de designaci\u00f3n de candidaturas sea justo.<br>Coment\u00f3 que ya comenzaron las mesas de trabajo para elegir a los mejores perfiles y recalc\u00f3 que todos los interesados ser\u00e1n tomados en cuenta, sin importar de que partido provengan, pues incluso hay organizaciones civiles que les han solicitado un espacio para participar en las pr\u00f3ximas elecciones.<\/p>\n\n\n\n<p>\u00abVamos en alianza el PRD, el PRI y el PAN. Tambi\u00e9n vamos con la sociedad civil, hay muchas organizaciones que nos han buscado para hacer una alianza conjunta. La alianza va, y todos est\u00e1n incluidos\u00bb, asegur\u00f3 la dirigente.<br>D\u00edaz de Rivera dijo que en los pr\u00f3ximos d\u00edas se realizar\u00e1 un evento como bloque opositor (PAN-PRI-PRD) para dar a conocer los m\u00e9todos de selecci\u00f3n para quienes busquen la gubernatura, alguna senadur\u00eda, diputaci\u00f3n, presidencia municipal o regidur\u00eda.<\/p>\n\n\n\n<p>Tambi\u00e9n record\u00f3 que el pr\u00f3ximo 26 de junio, la Plataforma Electoral 2024, integrada por las dirigencias nacionales del bloque PAN-PRI-PRD, definir\u00e1n la forma en que seleccionar\u00e1 al candidato presidencial, incluso Marko Cort\u00e9s Mendoza pedir\u00e1 que pueda ser una figura de la sociedad civil quien los represente.<\/p>\n\n\n\n<p>La dirigente panista acudi\u00f3 al segundo informe de labores del diputado federal Mario Riestra Pi\u00f1a, quien ha levantado la mano para competir por la presidencia municipal de Puebla. En el evento tambi\u00e9n estuvieron presentes los dirigentes del PRD, Carlos Mart\u00ednez Amador; y de Movimiento Ciudadano (MC), Fernando Morales Mart\u00ednez.<\/p>\n","protected":false},"excerpt":{"rendered":"<p>Luego de meses de negociaci\u00f3n para afinar las reglas de participaci\u00f3n, la dirigente estatal de Acci\u00f3n Nacional (PAN) en Puebla, Augusta Valentina D\u00edaz de Rivera Hern\u00e1ndez, confirm\u00f3 que la alianza Va por Puebla competir\u00e1 contra Morena en las elecciones 2024. En entrevista, dijo que seguir\u00e1 trabajando de la mano de los dirigentes del Revolucionario Institucional [&hellip;]<\/p>\n","protected":false},"author":4,"featured_media":28380,"comment_status":"open","ping_status":"open","sticky":false,"template":"","format":"standard","meta":{"om_disable_all_campaigns":false,"_monsterinsights_skip_tracking":false,"_monsterinsights_sitenote_active":false,"_monsterinsights_sitenote_note":"","_monsterinsights_sitenote_category":0,"footnotes":""},"categories":[175,5],"tags":[223],"class_list":["post-28379","post","type-post","status-publish","format-standard","has-post-thumbnail","hentry","category-local","category-politica","tag-puebla"],"amp_enabled":true,"_links":{"self":[{"href":"https:\/\/lahora.mx\/index.php\/wp-json\/wp\/v2\/posts\/28379","targetHints":{"allow":["GET"]}}],"collection":[{"href":"https:\/\/lahora.mx\/index.php\/wp-json\/wp\/v2\/posts"}],"about":[{"href":"https:\/\/lahora.mx\/index.php\/wp-json\/wp\/v2\/types\/post"}],"author":[{"embeddable":true,"href":"https:\/\/lahora.mx\/index.php\/wp-json\/wp\/v2\/users\/4"}],"replies":[{"embeddable":true,"href":"https:\/\/lahora.mx\/index.php\/wp-json\/wp\/v2\/comments?post=28379"}],"version-history":[{"count":1,"href":"https:\/\/lahora.mx\/index.php\/wp-json\/wp\/v2\/posts\/28379\/revisions"}],"predecessor-version":[{"id":28381,"href":"https:\/\/lahora.mx\/index.php\/wp-json\/wp\/v2\/posts\/28379\/revisions\/28381"}],"wp:featuredmedia":[{"embeddable":true,"href":"https:\/\/lahora.mx\/index.php\/wp-json\/wp\/v2\/media\/28380"}],"wp:attachment":[{"href":"https:\/\/lahora.mx\/index.php\/wp-json\/wp\/v2\/media?parent=28379"}],"wp:term":[{"taxonomy":"category","embeddable":true,"href":"https:\/\/lahora.mx\/index.php\/wp-json\/wp\/v2\/categories?post=28379"},{"taxonomy":"post_tag","embeddable":true,"href":"https:\/\/lahora.mx\/index.php\/wp-json\/wp\/v2\/tags?post=28379"}],"curies":[{"name":"wp","href":"https:\/\/api.w.org\/{rel}","templated":true}]}}