{"id":28367,"date":"2023-06-21T00:21:55","date_gmt":"2023-06-21T00:21:55","guid":{"rendered":"http:\/\/lahora.mx\/?p=28367"},"modified":"2023-06-21T00:21:55","modified_gmt":"2023-06-21T00:21:55","slug":"eduardo-rivera-pide-a-ine-sancionar-a-pre-aspirantes-tras-la-pinta-de-bardas-en-puebla","status":"publish","type":"post","link":"https:\/\/lahora.mx\/index.php\/2023\/06\/21\/eduardo-rivera-pide-a-ine-sancionar-a-pre-aspirantes-tras-la-pinta-de-bardas-en-puebla\/","title":{"rendered":"Eduardo Rivera pide a INE sancionar a pre-aspirantes tras la pinta de bardas en Puebla"},"content":{"rendered":"\n<p>El presidente municipal de Puebla, Eduardo Rivera P\u00e9rez, pidi\u00f3 al Instituto Nacional Electoral (INE) que asuma su responsabilidad y sancione a los responsables de pintar propaganda de los aspirantes de Morena en el mobiliario p\u00fablico, al considerar que estas acciones se han convertido en una \u201cpachanga\u201d y no son exclusivas en la capital poblana.<\/p>\n\n\n\n<p>\u201cYo si le hago un llamado tambi\u00e9n al INE a que requiera a los partidos, a que requiera a los que se est\u00e1n promoviendo, que fiscalice esos recursos, porque si no, hay que decirlo, pues parece esto una pachanga y tanto que le cost\u00f3 a los mexicanos y a las mexicanas que hubiera orden, vida democr\u00e1tica, respeto a las normas y a las reglas y pareciera que esto no sucede as\u00ed\u201d, dijo.<\/p>\n\n\n\n<p>Luego de que el \u00f3rgano electoral emiti\u00f3 requerimientos a los ayuntamientos de Puebla y San Pedro Cholula por tolerar la propaganda electoral en mobiliario p\u00fablico, Rivera defendi\u00f3 que la mayor\u00eda de las bardas en las que se han pintado los nombres de aspirantes a participar en el pr\u00f3ximo proceso electoral se ubican en vialidades a cargo del estado o la federaci\u00f3n, como la autopista M\u00e9xico &#8211; Puebla o el Perif\u00e9rico Ecol\u00f3gico.<\/p>\n\n\n\n<p>Poblano despinta bardas de pol\u00edticos: si grafiteara cualquier lugar me detendr\u00edan, debe ser lo mismo para ellos<br>\u201cEscuch\u00e9 que el INE dec\u00eda que le ped\u00eda al gobierno municipal de Puebla, \u00a1que le pida a todos los gobiernos municipales del estado!, que se vaya a dar una vuelta a todas las bardas que se pintaron al interior del estado \u00bfy qu\u00e9 va a hacer? \u00bfle va a requerir al gobierno federal de las bardas que se pintaron en la autopista, en el mobiliario federal?\u201d, expres\u00f3.<\/p>\n\n\n\n<p>El mun\u00edcipe enfatiz\u00f3 que a partir del requerimiento, la sindicatura municipal ya est\u00e1 tomando cartas en el asunto y proceder\u00e1 en el \u00e1mbito de la competencia del Ayuntamiento, no obstante, insisti\u00f3 en que la autoridad electoral es la que debe vigilar que quienes aspiran a cargos p\u00fablicos no afecten el mobiliario urbano.<\/p>\n\n\n\n<p>Hay m\u00e1s perfiles para abanderar la alianza<br>En otro orden de ideas, el presidente municipal afirm\u00f3 que no es el \u00fanico que podr\u00eda abanderar la alianza integrada por el PAN, PRI y PRD en la elecci\u00f3n de gobernador del pr\u00f3ximo a\u00f1o, ya que hay otros perfiles que tambi\u00e9n podr\u00edan representar a los partidos.<\/p>\n\n\n\n<p>Lo anterior, luego de que el senador y aspirante a la candidatura a la gubernatura por Morena, Alejandro Armenta Mier, se\u00f1al\u00f3 que el \u00fanico que podr\u00eda ser competitivo como rival en las urnas es el presidente municipal de Puebla.<\/p>\n\n\n\n<p>Con rodillos en mano y pintura blanca, poblanos arrasan con las bardas de pol\u00edticos<br>\u201cA mi me parece tambi\u00e9n que en el \u00e1mbito de la alianza hay muy buenos perfiles, no solamente est\u00e1 Eduardo Rivera, tenemos tambi\u00e9n a la ex alcaldesa de la ciudad, que fue embajadora, que es diputada federal, est\u00e1 Blanca Alcal\u00e1 y muchos otros m\u00e1s, podr\u00edamos hablar de otros perfiles, Humberto Aguilar, Ana Teresa Aranda, Mario Riestra, Carolina Beauregard, es decir, hay muchos perfiles que han alzado la mano, la senadora Nadia Navarro, Jorge Estefan Chidiac, ah\u00ed tienen para escoger\u201d, acot\u00f3.<\/p>\n\n\n\n<p>El edil sostuvo que mantendr\u00e1 como prioridad su cargo p\u00fablico y s\u00f3lo atender\u00e1 invitaciones relacionadas con actividad pol\u00edtica durante los fines de semana, ya que esperar\u00e1 los tiempos para definir su participaci\u00f3n en el 2024.<\/p>\n\n\n\n<p>\u201cYo no como ansias, estoy enfocado en hacer un buen trabajo como presidente municipal y cuando est\u00e9n los tiempos y las reglas, que yo si respeto y que quiero respetar, estar\u00e9 haciendo los pronunciamientos pol\u00edticos pertinentes. Ahorita mi tarea es ser alcalde, hacer bien mi trabajo\u201d, finaliz\u00f3.<\/p>\n","protected":false},"excerpt":{"rendered":"<p>El presidente municipal de Puebla, Eduardo Rivera P\u00e9rez, pidi\u00f3 al Instituto Nacional Electoral (INE) que asuma su responsabilidad y sancione a los responsables de pintar propaganda de los aspirantes de Morena en el mobiliario p\u00fablico, al considerar que estas acciones se han convertido en una \u201cpachanga\u201d y no son exclusivas en la capital poblana. \u201cYo [&hellip;]<\/p>\n","protected":false},"author":4,"featured_media":28368,"comment_status":"open","ping_status":"open","sticky":false,"template":"","format":"standard","meta":{"om_disable_all_campaigns":false,"_monsterinsights_skip_tracking":false,"_monsterinsights_sitenote_active":false,"_monsterinsights_sitenote_note":"","_monsterinsights_sitenote_category":0,"footnotes":""},"categories":[175],"tags":[223],"class_list":["post-28367","post","type-post","status-publish","format-standard","has-post-thumbnail","hentry","category-local","tag-puebla"],"amp_enabled":true,"_links":{"self":[{"href":"https:\/\/lahora.mx\/index.php\/wp-json\/wp\/v2\/posts\/28367","targetHints":{"allow":["GET"]}}],"collection":[{"href":"https:\/\/lahora.mx\/index.php\/wp-json\/wp\/v2\/posts"}],"about":[{"href":"https:\/\/lahora.mx\/index.php\/wp-json\/wp\/v2\/types\/post"}],"author":[{"embeddable":true,"href":"https:\/\/lahora.mx\/index.php\/wp-json\/wp\/v2\/users\/4"}],"replies":[{"embeddable":true,"href":"https:\/\/lahora.mx\/index.php\/wp-json\/wp\/v2\/comments?post=28367"}],"version-history":[{"count":1,"href":"https:\/\/lahora.mx\/index.php\/wp-json\/wp\/v2\/posts\/28367\/revisions"}],"predecessor-version":[{"id":28369,"href":"https:\/\/lahora.mx\/index.php\/wp-json\/wp\/v2\/posts\/28367\/revisions\/28369"}],"wp:featuredmedia":[{"embeddable":true,"href":"https:\/\/lahora.mx\/index.php\/wp-json\/wp\/v2\/media\/28368"}],"wp:attachment":[{"href":"https:\/\/lahora.mx\/index.php\/wp-json\/wp\/v2\/media?parent=28367"}],"wp:term":[{"taxonomy":"category","embeddable":true,"href":"https:\/\/lahora.mx\/index.php\/wp-json\/wp\/v2\/categories?post=28367"},{"taxonomy":"post_tag","embeddable":true,"href":"https:\/\/lahora.mx\/index.php\/wp-json\/wp\/v2\/tags?post=28367"}],"curies":[{"name":"wp","href":"https:\/\/api.w.org\/{rel}","templated":true}]}}