{"id":28334,"date":"2023-06-20T19:30:49","date_gmt":"2023-06-20T19:30:49","guid":{"rendered":"http:\/\/lahora.mx\/?p=28334"},"modified":"2023-06-20T19:30:49","modified_gmt":"2023-06-20T19:30:49","slug":"amlo-asegura-que-su-esposa-e-hijos-se-mantendran-al-margen-para-elegir-candidato-presidencial","status":"publish","type":"post","link":"https:\/\/lahora.mx\/index.php\/2023\/06\/20\/amlo-asegura-que-su-esposa-e-hijos-se-mantendran-al-margen-para-elegir-candidato-presidencial\/","title":{"rendered":"AMLO asegura que su esposa e hijos se mantendr\u00e1n al margen, para elegir candidato presidencial"},"content":{"rendered":"\n<p>El presidente Andr\u00e9s Manuel L\u00f3pez Obrador asegur\u00f3 que su familia cercana, sus hijos y su esposa, la doctora Beatriz Guti\u00e9rrez M\u00fcller, se mantendr\u00e1n al margen del proceso interno de Morena para elegir a su coordinador o coordinara en defensa de transformaci\u00f3n.<br>\u201cTodos los que est\u00e1n participando merecen nuestro respeto, no ser\u00e1 el Presidente el que va a decidir, ser\u00e1 la gente, porque esa es la aut\u00e9ntica democracia, mi familia cercana mis hijos, mi esposa Beatriz, no nos metemos en nada en este proceso\u201d.<\/p>\n\n\n\n<p>Esto al cuestionarle sobre la invitaci\u00f3n que hizo Marcelo Ebrard a Andr\u00e9s Manuel L\u00f3pez Beltr\u00e1n, hijo del Mandatario, para que dirija la Secretar\u00eda de la Cuarta Transformaci\u00f3n, cargo que L\u00f3pez Beltr\u00e1n rechaz\u00f3 para mantenerse al margen del proceso interno de Morena.<\/p>\n\n\n\n<p>En conferencia de prensa, el titular del Ejecutivo rechaz\u00f3 prohibir a las corcholatas presidenciales involucrarlo en el proceso interno.<\/p>\n\n\n\n<p>\u201cNo, somos libres, es que est\u00e1 prohibido prohibir, cada quien puede expresar, peros si se act\u00faan con claridad ya se sabe que nosotros no tenemos favoritos, ni hombres ni mujeres\u201d.<br>El Presidente de la Rep\u00fablica dijo que no opinar\u00e1 sobre el proceso interno que resultar\u00e1 a quien le entregar\u00e1 la estafeta presidencial.<\/p>\n","protected":false},"excerpt":{"rendered":"<p>El presidente Andr\u00e9s Manuel L\u00f3pez Obrador asegur\u00f3 que su familia cercana, sus hijos y su esposa, la doctora Beatriz Guti\u00e9rrez M\u00fcller, se mantendr\u00e1n al margen del proceso interno de Morena para elegir a su coordinador o coordinara en defensa de transformaci\u00f3n.\u201cTodos los que est\u00e1n participando merecen nuestro respeto, no ser\u00e1 el Presidente el que va [&hellip;]<\/p>\n","protected":false},"author":4,"featured_media":28335,"comment_status":"open","ping_status":"open","sticky":false,"template":"","format":"standard","meta":{"om_disable_all_campaigns":false,"_monsterinsights_skip_tracking":false,"_monsterinsights_sitenote_active":false,"_monsterinsights_sitenote_note":"","_monsterinsights_sitenote_category":0,"footnotes":""},"categories":[175],"tags":[],"class_list":["post-28334","post","type-post","status-publish","format-standard","has-post-thumbnail","hentry","category-local"],"amp_enabled":true,"_links":{"self":[{"href":"https:\/\/lahora.mx\/index.php\/wp-json\/wp\/v2\/posts\/28334","targetHints":{"allow":["GET"]}}],"collection":[{"href":"https:\/\/lahora.mx\/index.php\/wp-json\/wp\/v2\/posts"}],"about":[{"href":"https:\/\/lahora.mx\/index.php\/wp-json\/wp\/v2\/types\/post"}],"author":[{"embeddable":true,"href":"https:\/\/lahora.mx\/index.php\/wp-json\/wp\/v2\/users\/4"}],"replies":[{"embeddable":true,"href":"https:\/\/lahora.mx\/index.php\/wp-json\/wp\/v2\/comments?post=28334"}],"version-history":[{"count":1,"href":"https:\/\/lahora.mx\/index.php\/wp-json\/wp\/v2\/posts\/28334\/revisions"}],"predecessor-version":[{"id":28336,"href":"https:\/\/lahora.mx\/index.php\/wp-json\/wp\/v2\/posts\/28334\/revisions\/28336"}],"wp:featuredmedia":[{"embeddable":true,"href":"https:\/\/lahora.mx\/index.php\/wp-json\/wp\/v2\/media\/28335"}],"wp:attachment":[{"href":"https:\/\/lahora.mx\/index.php\/wp-json\/wp\/v2\/media?parent=28334"}],"wp:term":[{"taxonomy":"category","embeddable":true,"href":"https:\/\/lahora.mx\/index.php\/wp-json\/wp\/v2\/categories?post=28334"},{"taxonomy":"post_tag","embeddable":true,"href":"https:\/\/lahora.mx\/index.php\/wp-json\/wp\/v2\/tags?post=28334"}],"curies":[{"name":"wp","href":"https:\/\/api.w.org\/{rel}","templated":true}]}}