{"id":28273,"date":"2023-06-19T21:45:46","date_gmt":"2023-06-19T21:45:46","guid":{"rendered":"http:\/\/lahora.mx\/?p=28273"},"modified":"2023-06-19T21:45:46","modified_gmt":"2023-06-19T21:45:46","slug":"acertado-y-oportuno-decreto-contra-pinta-de-bardas-electorales-menciona-cce","status":"publish","type":"post","link":"https:\/\/lahora.mx\/index.php\/2023\/06\/19\/acertado-y-oportuno-decreto-contra-pinta-de-bardas-electorales-menciona-cce\/","title":{"rendered":"Acertado y oportuno, decreto contra pinta de bardas electorales menciona CCE"},"content":{"rendered":"\n<p>El Consejo Coordinador Empresarial (CCE) Puebla calific\u00f3 como acertado y oportuno el decreto que alista el gobierno del estado para detener la intervenci\u00f3n del mobiliario urbano y pinta de bardas por parte de perfiles que aspiran a un cargo de elecci\u00f3n popular en la contienda del 2024.<\/p>\n\n\n\n<p>En entrevista, el presidente de este organismo empresarial, H\u00e9ctor S\u00e1nchez Morales, dijo que aquellos que estaban pintando sus bardas tienen que parar, y si el decreto se\u00f1ala que se debe borrar tales pintas, as\u00ed es como se debe proceder.<br>Precis\u00f3 que el decreto es parejo para todos por lo que tiene que acatarse y no se debe aprovechar que se despinten para en ese mismo espacio colocar el nombre de otro aspirante diferente.<\/p>\n\n\n\n<p>\u201cYo creo que nunca es tarde, yo creo que se est\u00e1 estipulando eso, parece muy acertado. Bueno, aquellos que ya pintaron sus bardas, que creo que ya estaban comiendo ansias yo creo que tienen que recular y hacer lo propio, si el decreto tiene que borrarlo tienen que hacerlo\u201d, asever\u00f3.<br>Cabe recordar que el \u00e1rea jur\u00eddica del Gobierno de Puebla trabaja en la elaboraci\u00f3n de un decreto que limite el abuso de bardas pintadas con propaganda pol\u00edtica de parte de aspirantes a cargos de elecci\u00f3n pol\u00edtica, locales y nacionales y que en pr\u00f3ximos d\u00edas se presentar\u00e1; se prev\u00e9n sanciones a qui\u00e9n incumpla con el ordenamiento.<\/p>\n\n\n\n<p>Por su parte, el coordinador de la bancada del Partido Acci\u00f3n Nacional (PAN), Rafael Micalco M\u00e9ndez, critic\u00f3 y consider\u00f3 que el pr\u00f3ximo documento a expedir llega \u201ctarde\u201d debido a que, principalmente los cuadros de Morena y el Partido del Trabajo (PT), se han subido a fiebre de la pinta de bardas y se debe sancionar por las que ya existen.<\/p>\n","protected":false},"excerpt":{"rendered":"<p>El Consejo Coordinador Empresarial (CCE) Puebla calific\u00f3 como acertado y oportuno el decreto que alista el gobierno del estado para detener la intervenci\u00f3n del mobiliario urbano y pinta de bardas por parte de perfiles que aspiran a un cargo de elecci\u00f3n popular en la contienda del 2024. En entrevista, el presidente de este organismo empresarial, [&hellip;]<\/p>\n","protected":false},"author":4,"featured_media":28274,"comment_status":"open","ping_status":"open","sticky":false,"template":"","format":"standard","meta":{"om_disable_all_campaigns":false,"_monsterinsights_skip_tracking":false,"_monsterinsights_sitenote_active":false,"_monsterinsights_sitenote_note":"","_monsterinsights_sitenote_category":0,"footnotes":""},"categories":[175],"tags":[],"class_list":["post-28273","post","type-post","status-publish","format-standard","has-post-thumbnail","hentry","category-local"],"amp_enabled":true,"_links":{"self":[{"href":"https:\/\/lahora.mx\/index.php\/wp-json\/wp\/v2\/posts\/28273","targetHints":{"allow":["GET"]}}],"collection":[{"href":"https:\/\/lahora.mx\/index.php\/wp-json\/wp\/v2\/posts"}],"about":[{"href":"https:\/\/lahora.mx\/index.php\/wp-json\/wp\/v2\/types\/post"}],"author":[{"embeddable":true,"href":"https:\/\/lahora.mx\/index.php\/wp-json\/wp\/v2\/users\/4"}],"replies":[{"embeddable":true,"href":"https:\/\/lahora.mx\/index.php\/wp-json\/wp\/v2\/comments?post=28273"}],"version-history":[{"count":1,"href":"https:\/\/lahora.mx\/index.php\/wp-json\/wp\/v2\/posts\/28273\/revisions"}],"predecessor-version":[{"id":28275,"href":"https:\/\/lahora.mx\/index.php\/wp-json\/wp\/v2\/posts\/28273\/revisions\/28275"}],"wp:featuredmedia":[{"embeddable":true,"href":"https:\/\/lahora.mx\/index.php\/wp-json\/wp\/v2\/media\/28274"}],"wp:attachment":[{"href":"https:\/\/lahora.mx\/index.php\/wp-json\/wp\/v2\/media?parent=28273"}],"wp:term":[{"taxonomy":"category","embeddable":true,"href":"https:\/\/lahora.mx\/index.php\/wp-json\/wp\/v2\/categories?post=28273"},{"taxonomy":"post_tag","embeddable":true,"href":"https:\/\/lahora.mx\/index.php\/wp-json\/wp\/v2\/tags?post=28273"}],"curies":[{"name":"wp","href":"https:\/\/api.w.org\/{rel}","templated":true}]}}