{"id":28270,"date":"2023-06-19T21:41:30","date_gmt":"2023-06-19T21:41:30","guid":{"rendered":"http:\/\/lahora.mx\/?p=28270"},"modified":"2023-06-19T21:41:30","modified_gmt":"2023-06-19T21:41:30","slug":"eduardo-rivera-sigo-trabajando-por-puebla-capital","status":"publish","type":"post","link":"https:\/\/lahora.mx\/index.php\/2023\/06\/19\/eduardo-rivera-sigo-trabajando-por-puebla-capital\/","title":{"rendered":"Eduardo Rivera: sigo trabajando por Puebla capital"},"content":{"rendered":"\n<p>El alcalde de Puebla capital, Eduardo Rivera, afirm\u00f3 que no tiene entre sus planes solicitar licencia o hacer una renuncia a su cargo de cara a la aspiraci\u00f3n a la gubernatura del estado en las elecciones del pr\u00f3ximo a\u00f1o.<\/p>\n\n\n\n<p>\u00abRatifico, ni licencia ni renuncia. Yo sigo trabajando por el buen rumbo de Puebla y porque el buen rumbo de Puebla sigue, y vamos por m\u00e1s\u00bb.<\/p>\n\n\n\n<p>Desde el Palacio Municipal, el edil poblano aclar\u00f3 que el encuentro que sostuvo con su presidente nacional del PAN, Marko Cort\u00e9s, fue informativo sobre los 600 que ha realizado al frente del gobierno de la ciudad.<\/p>\n\n\n\n<p>\u00abLo que voy a decir, es que fue una reuni\u00f3n de trabajo entre entre el presidente nacional (del PAN, Marko Cort\u00e9s) y su servidor, es ante la sociedad, rectores, asociaciones, ciudadanos y l\u00edderes de colonias, tambi\u00e9n con dirigentes nacionales y locales o estatales\u00bb.<\/p>\n\n\n\n<p>En ese sentido, explic\u00f3 que el presidente albiazul est\u00e1 muy contento con el trabajo que se viene realizando en el Ayuntamiento de Puebla, por llevarla a nivel nacional como uno de los municipios mejor evaluados de M\u00e9xico.<\/p>\n\n\n\n<p>\u00abEl respaldo que siempre ha tenido desde la dirigencia nacional por trabajar por la Angel\u00f3polis desde su trinchera en la Ciudad de M\u00e9xico\u00bb.<\/p>\n\n\n\n<p>Durante su administraci\u00f3n las reuniones entre Cort\u00e9s Mendoza y Rivera P\u00e9rez, han ocurrido varias ocasiones, algunas de ellas ambos personajes las han publicado en sus cuentas de Twitter, pero otras no.<\/p>\n\n\n\n<p>\u00abInformo del trabajo que llevamos en estos 600 d\u00edas y el objetivo de la reuni\u00f3n fue ese, que el presidente nacional pueda conocer puntualmente el trabajo que venimos realizando en el gobierno de la ciudad. \u00c9l est\u00e1 muy contento porque Puebla es referente de los municipios\u00bb.<\/p>\n\n\n\n<p>Finalmente, insisti\u00f3 que en cuanto a las definiciones pol\u00edticas, esperar\u00e1 la confirmaci\u00f3n de la alianza tanto a nivel nacional, como en los diferentes estados, por lo que reiter\u00f3 que esperar\u00e1 la definici\u00f3n de los tiempos pol\u00edticos y a partir de ese periodo, realizar\u00e1 su pronunciamiento.<\/p>\n","protected":false},"excerpt":{"rendered":"<p>El alcalde de Puebla capital, Eduardo Rivera, afirm\u00f3 que no tiene entre sus planes solicitar licencia o hacer una renuncia a su cargo de cara a la aspiraci\u00f3n a la gubernatura del estado en las elecciones del pr\u00f3ximo a\u00f1o. \u00abRatifico, ni licencia ni renuncia. Yo sigo trabajando por el buen rumbo de Puebla y porque [&hellip;]<\/p>\n","protected":false},"author":4,"featured_media":28271,"comment_status":"open","ping_status":"open","sticky":false,"template":"","format":"standard","meta":{"om_disable_all_campaigns":false,"_monsterinsights_skip_tracking":false,"_monsterinsights_sitenote_active":false,"_monsterinsights_sitenote_note":"","_monsterinsights_sitenote_category":0,"footnotes":""},"categories":[175],"tags":[223],"class_list":["post-28270","post","type-post","status-publish","format-standard","has-post-thumbnail","hentry","category-local","tag-puebla"],"amp_enabled":true,"_links":{"self":[{"href":"https:\/\/lahora.mx\/index.php\/wp-json\/wp\/v2\/posts\/28270","targetHints":{"allow":["GET"]}}],"collection":[{"href":"https:\/\/lahora.mx\/index.php\/wp-json\/wp\/v2\/posts"}],"about":[{"href":"https:\/\/lahora.mx\/index.php\/wp-json\/wp\/v2\/types\/post"}],"author":[{"embeddable":true,"href":"https:\/\/lahora.mx\/index.php\/wp-json\/wp\/v2\/users\/4"}],"replies":[{"embeddable":true,"href":"https:\/\/lahora.mx\/index.php\/wp-json\/wp\/v2\/comments?post=28270"}],"version-history":[{"count":1,"href":"https:\/\/lahora.mx\/index.php\/wp-json\/wp\/v2\/posts\/28270\/revisions"}],"predecessor-version":[{"id":28272,"href":"https:\/\/lahora.mx\/index.php\/wp-json\/wp\/v2\/posts\/28270\/revisions\/28272"}],"wp:featuredmedia":[{"embeddable":true,"href":"https:\/\/lahora.mx\/index.php\/wp-json\/wp\/v2\/media\/28271"}],"wp:attachment":[{"href":"https:\/\/lahora.mx\/index.php\/wp-json\/wp\/v2\/media?parent=28270"}],"wp:term":[{"taxonomy":"category","embeddable":true,"href":"https:\/\/lahora.mx\/index.php\/wp-json\/wp\/v2\/categories?post=28270"},{"taxonomy":"post_tag","embeddable":true,"href":"https:\/\/lahora.mx\/index.php\/wp-json\/wp\/v2\/tags?post=28270"}],"curies":[{"name":"wp","href":"https:\/\/api.w.org\/{rel}","templated":true}]}}