{"id":28266,"date":"2023-06-19T21:36:55","date_gmt":"2023-06-19T21:36:55","guid":{"rendered":"http:\/\/lahora.mx\/?p=28266"},"modified":"2023-06-19T21:36:55","modified_gmt":"2023-06-19T21:36:55","slug":"voceadores-del-centro-historico-piden-no-retirar-sus-casetas","status":"publish","type":"post","link":"https:\/\/lahora.mx\/index.php\/2023\/06\/19\/voceadores-del-centro-historico-piden-no-retirar-sus-casetas\/","title":{"rendered":"Voceadores del Centro Hist\u00f3rico piden no retirar sus casetas"},"content":{"rendered":"\n<p>La prensa escrita y las revistas viven un momento cr\u00edtico ante la desaparici\u00f3n de varios diarios impresos y publicaciones peri\u00f3dicas que han dejado de circular o se han convertido en medios cien por ciento digitales.<\/p>\n\n\n\n<p>Pero no s\u00f3lo es la impresi\u00f3n la que enfrenta una crisis, tambi\u00e9n la distribuci\u00f3n, ya que varios voceadores han visto desaparecer su puesto de trabajo tras el retiro de las casetas de peri\u00f3dicos y revistas del Centro Hist\u00f3rico de Puebla, las cuales representan en varios casos su \u00fanica fuente de ingresos.<\/p>\n\n\n\n<p>El pasado 14 de junio, Jorge Arturo Cruz Lepe, secretario de Gobernaci\u00f3n municipal, inform\u00f3 que planean retirar otras 25 casetas de venta de peri\u00f3dicos y revistas, adem\u00e1s de las 22 que hab\u00edan sido desmontadas previamente. Algunas de las razones que dio el funcionario es que estaban abandonadas o que obstru\u00edan la v\u00eda p\u00fablica.<br>Otro de los motivos para la reubicaci\u00f3n es que varias de estas casetas, a decir del funcionario municipal, han cambiado de giro comercial, es decir, venden dulces, bebidas o cigarros; aunque esto \u00faltimo lo permite el C\u00f3digo Reglamentario Municipal (Coremun).<\/p>\n\n\n\n<p>El Coremun considera a los voceadores de peri\u00f3dicos y revistas como \u201cVendedores Semifijos\u201d, es decir:<\/p>\n\n\n\n<p>\u201cAquellas personas que realizan el comercio autorizado de sus mercanc\u00edas estableci\u00e9ndose en la v\u00eda p\u00fablica de una manera moment\u00e1nea, temporal o provisional; con casetas, kioscos, carros, veh\u00edculos u otro tipo de mueble permitido\u201d.<\/p>\n\n\n\n<p>El Cap\u00edtulo 16 del Coremun, el cual regula el comercio ambulante, semifijo y prestadores ambulantes de servicios en la v\u00eda p\u00fablica del municipio de Puebla, dice en su Art\u00edculo 647, apartado VIII que, entre los giros permitidos para los vendedores Semifijos, se encuentran \u201cPeri\u00f3dicos con caseta que se puede complementar con golosinas y tabaquer\u00eda\u201d, es decir, tienen permitido vender dulces y cigarros adem\u00e1s de revistas, libros y peri\u00f3dicos.<\/p>\n\n\n\n<p>La venta de revistas y peri\u00f3dicos se mantiene<br>En un recorrido realizado por e-consulta, se pudo constatar que los puestos ubicados en la calle 9 Norte, esquina con la 6 y la 8 Poniente se dedican de lleno a la venta de peri\u00f3dicos, revistas, comics y colecciones semanales de libros y otros art\u00edculos que tradicionalmente se venden en los puestos de revistas; por ello, los propietarios piden al Ayuntamiento reconsiderar su postura, ya que se trata de negocios que les heredaron sus padres y al ser reubicados temen perder a todos sus clientes.<\/p>\n\n\n\n<p>Uno de estos casos es el de David Corral, due\u00f1o de una caseta en el Centro Hist\u00f3rico, la cual lleva 40 a\u00f1os funcionando.<\/p>\n\n\n\n<p>\u201cToda nuestra vida hemos estado aqu\u00ed trabajando\u201d, enfatiza. Se\u00f1ala que \u00e9l y su familia siempre han vendido en esa zona y que reubicar su lugar de trabajo, ser\u00eda \u201cempezar de cero\u201d.<br>Muchos peri\u00f3dicos locales dejaron de imprimir a partir del inicio de la pandemia por Covid-19 en 2020, lo que merm\u00f3 las ventas de los voceadores, pero David comenta que la venta de colecciones de libros o enciclopedias por entregas los ayuda a salir adelante.<\/p>\n\n\n\n<p>En los \u00faltimos meses, las casetas azules que durante a\u00f1os formaron parte del paisaje del Centro Hist\u00f3rico de la capital poblana han ido desapareciendo, pero su retiro no necesariamente ha liberado las banquetas como prometi\u00f3 el Ayuntamiento, ya que en varios de estos sitios se instalaron puestos de vendedores ambulantes de frutas, comida y ropa.<\/p>\n\n\n\n<p>Incluso, en la esquina de la calle 3 Norte y la 12 Poniente, donde en el pasado mes de mayo se retir\u00f3 una caseta, los due\u00f1os la volvieron a instalar, s\u00f3lo que montando una estructura de pl\u00e1stico y rejas sostenida por una cuerda.<\/p>\n\n\n\n<p>Cabe recordar que, a finales de 2022, el presidente municipal, Eduardo Rivera P\u00e9rez, asegur\u00f3 que no se retirar\u00eda ninguna caseta sin el consentimiento de los propietarios.<\/p>\n\n\n\n<p>La Norma T\u00e9cnica y la obstrucci\u00f3n de banquetas<br>A decir del Corem\u00fan, entre las prohibiciones al comercio semifijo est\u00e1: \u201cInvadir el arroyo vehicular, obstaculizar al peat\u00f3n, veh\u00edculos, entradas particulares o comerciales, y obras municipales\u201d. Pero no especifica cu\u00e1l es el espacio que requiere un peat\u00f3n para transitar.<\/p>\n\n\n\n<p>La Norma T\u00e9cnica de Dise\u00f1o e Imagen Urbana para el Municipio de Puebla, aprobada en 2015 por la Comisi\u00f3n de Desarrollo Urbano y Medio Ambiente, que inclu\u00eda, entre otros, a la entonces regidora Myriam de Lourdes Arabi\u00e1n Couttolenc, actual Secretaria de Medio Ambiente municipal, es m\u00e1s clara al respecto.<\/p>\n\n\n\n<p>Dicha norma establece que el espacio que requieren los peatones (llamado franja peatonal) para transitar, de forma libre y sin obst\u00e1culos, es de m\u00ednimo 1.80 metros y un m\u00e1ximo de 3 metros. En el caso de los kioskos y las casetas, dice que deber\u00e1n ubicarse en la franja mixta, que es el espacio designado para sembrar \u00e1rboles y ubicar los postes de luz y tel\u00e9fono.<\/p>\n\n\n\n<p>El problema es que gran parte de las calles del Centro no cumplen con esas medidas; un ejemplo de ello es la calle 6 Poniente, donde con dificultades caben dos personas sobre la misma acera.<\/p>\n\n\n\n<p>La misma Norma propone que: \u201cCuando las dimensiones de la Franja mixta no puedan garantizar el alojamiento del kiosco o caseta bajo las disposiciones anteriores y en caso de que exista un carril de estacionamiento adyacente a la banqueta, se podr\u00e1 implementar una oreja para resguardar el mobiliario\u201d.<\/p>\n\n\n\n<p>Dichas orejas se han implemantado en meses recientes en calles como la 11 y 13 Oriente-Poniente y podr\u00edan instalarse en varias zonas del Centro Hist\u00f3rico de Puebla, pero hasta ahora, no son parte de las propuestas de reubicaci\u00f3n que han recibido los voceadores.<\/p>\n","protected":false},"excerpt":{"rendered":"<p>La prensa escrita y las revistas viven un momento cr\u00edtico ante la desaparici\u00f3n de varios diarios impresos y publicaciones peri\u00f3dicas que han dejado de circular o se han convertido en medios cien por ciento digitales. Pero no s\u00f3lo es la impresi\u00f3n la que enfrenta una crisis, tambi\u00e9n la distribuci\u00f3n, ya que varios voceadores han visto [&hellip;]<\/p>\n","protected":false},"author":4,"featured_media":28268,"comment_status":"open","ping_status":"open","sticky":false,"template":"","format":"standard","meta":{"om_disable_all_campaigns":false,"_monsterinsights_skip_tracking":false,"_monsterinsights_sitenote_active":false,"_monsterinsights_sitenote_note":"","_monsterinsights_sitenote_category":0,"footnotes":""},"categories":[175],"tags":[195,223],"class_list":["post-28266","post","type-post","status-publish","format-standard","has-post-thumbnail","hentry","category-local","tag-principal","tag-puebla"],"amp_enabled":true,"_links":{"self":[{"href":"https:\/\/lahora.mx\/index.php\/wp-json\/wp\/v2\/posts\/28266","targetHints":{"allow":["GET"]}}],"collection":[{"href":"https:\/\/lahora.mx\/index.php\/wp-json\/wp\/v2\/posts"}],"about":[{"href":"https:\/\/lahora.mx\/index.php\/wp-json\/wp\/v2\/types\/post"}],"author":[{"embeddable":true,"href":"https:\/\/lahora.mx\/index.php\/wp-json\/wp\/v2\/users\/4"}],"replies":[{"embeddable":true,"href":"https:\/\/lahora.mx\/index.php\/wp-json\/wp\/v2\/comments?post=28266"}],"version-history":[{"count":1,"href":"https:\/\/lahora.mx\/index.php\/wp-json\/wp\/v2\/posts\/28266\/revisions"}],"predecessor-version":[{"id":28269,"href":"https:\/\/lahora.mx\/index.php\/wp-json\/wp\/v2\/posts\/28266\/revisions\/28269"}],"wp:featuredmedia":[{"embeddable":true,"href":"https:\/\/lahora.mx\/index.php\/wp-json\/wp\/v2\/media\/28268"}],"wp:attachment":[{"href":"https:\/\/lahora.mx\/index.php\/wp-json\/wp\/v2\/media?parent=28266"}],"wp:term":[{"taxonomy":"category","embeddable":true,"href":"https:\/\/lahora.mx\/index.php\/wp-json\/wp\/v2\/categories?post=28266"},{"taxonomy":"post_tag","embeddable":true,"href":"https:\/\/lahora.mx\/index.php\/wp-json\/wp\/v2\/tags?post=28266"}],"curies":[{"name":"wp","href":"https:\/\/api.w.org\/{rel}","templated":true}]}}