{"id":28244,"date":"2023-06-19T02:54:03","date_gmt":"2023-06-19T02:54:03","guid":{"rendered":"http:\/\/lahora.mx\/?p=28244"},"modified":"2023-06-19T02:54:03","modified_gmt":"2023-06-19T02:54:03","slug":"gran-paseo-muy-padre-reunio-a-mas-de-800-personas-en-el-zocalo-de-la-ciudad","status":"publish","type":"post","link":"https:\/\/lahora.mx\/index.php\/2023\/06\/19\/gran-paseo-muy-padre-reunio-a-mas-de-800-personas-en-el-zocalo-de-la-ciudad\/","title":{"rendered":"\u2019Gran paseo muy padre\u00bb reuni\u00f3 a m\u00e1s de 800 personas en el z\u00f3calo de la ciudad"},"content":{"rendered":"\n<p>Para consentir a los pap\u00e1s que se dieron cita con sus familias en el Z\u00f3calo de la ciudad, el Ayuntamiento de Puebla \u2013presidido por Eduardo Rivera P\u00e9rez\u2014 celebr\u00f3 el \u201cGran Paseo Muy Padre\u201d, que entre concursos de dominadas, exhibiciones de starwars, playmobil y veh\u00edculos antiguos, servicios de fisioterapia y corte de cabello, reuni\u00f3 a m\u00e1s de 800 personas.<\/p>\n\n\n\n<p>En esta celebraci\u00f3n, tambi\u00e9n hubo activaciones f\u00edsicas con m\u00fasica, pr\u00e9stamo de bicicletas y una presentaci\u00f3n especial de capoeira; todas actividades gratuitas que sirvieron para reconocer la importancia del rol paterno en el desarrollo integral de las familias poblanas, coment\u00f3 en su oportunidad Carolina Morales Garc\u00eda, Directora General del Sistema Municipal DIF (SMDIF).<\/p>\n\n\n\n<figure class=\"wp-block-image size-full\"><img fetchpriority=\"high\" decoding=\"async\" width=\"741\" height=\"476\" src=\"https:\/\/lahora.mx\/wp-content\/uploads\/2023\/06\/Captura-de-pantalla-2023-06-18-a-las-20.54.43.png\" alt=\"\" class=\"wp-image-28246\" srcset=\"https:\/\/lahora.mx\/wp-content\/uploads\/2023\/06\/Captura-de-pantalla-2023-06-18-a-las-20.54.43.png 741w, https:\/\/lahora.mx\/wp-content\/uploads\/2023\/06\/Captura-de-pantalla-2023-06-18-a-las-20.54.43-300x193.png 300w\" sizes=\"(max-width: 741px) 100vw, 741px\" \/><\/figure>\n\n\n\n<p>\u2018Gran Paseo Muy Padre\u2019 fue todo un \u00e9xito gracias al esfuerzo en conjunto entre el SMDIF, el Instituto Municipal del Deporte (IMDP) y el de la Juventud, por lo que Antonio Iriarte Gonz\u00e1lez, Titular del IMDP, celebr\u00f3 que la ciudadan\u00eda poblana haya decidido festejar este d\u00eda haciendo deporte y procurando un estilo de vida saludable.<\/p>\n\n\n\n<p>Dicha celebraci\u00f3n fue posible gracias a la colaboraci\u00f3n y patrocinio de firmas como la Zarza, Telcel, Veana, Restaurante Cornelia, La Casa del Pozole, La Ultima Estaci\u00f3n, Caf\u00e9 Colibr\u00ed, Pericos de Puebla, Farmacias Fleming, Abastecedora Lumen, Farmacias Universitarias, Cin\u00e9polis Centro Sur, Don Salm\u00f3n, El Patrocinio y Restaurante Los Laureles.<\/p>\n","protected":false},"excerpt":{"rendered":"<p>Para consentir a los pap\u00e1s que se dieron cita con sus familias en el Z\u00f3calo de la ciudad, el Ayuntamiento de Puebla \u2013presidido por Eduardo Rivera P\u00e9rez\u2014 celebr\u00f3 el \u201cGran Paseo Muy Padre\u201d, que entre concursos de dominadas, exhibiciones de starwars, playmobil y veh\u00edculos antiguos, servicios de fisioterapia y corte de cabello, reuni\u00f3 a m\u00e1s [&hellip;]<\/p>\n","protected":false},"author":4,"featured_media":28245,"comment_status":"open","ping_status":"open","sticky":false,"template":"","format":"standard","meta":{"om_disable_all_campaigns":false,"_monsterinsights_skip_tracking":false,"_monsterinsights_sitenote_active":false,"_monsterinsights_sitenote_note":"","_monsterinsights_sitenote_category":0,"footnotes":""},"categories":[175],"tags":[195,223],"class_list":["post-28244","post","type-post","status-publish","format-standard","has-post-thumbnail","hentry","category-local","tag-principal","tag-puebla"],"amp_enabled":true,"_links":{"self":[{"href":"https:\/\/lahora.mx\/index.php\/wp-json\/wp\/v2\/posts\/28244","targetHints":{"allow":["GET"]}}],"collection":[{"href":"https:\/\/lahora.mx\/index.php\/wp-json\/wp\/v2\/posts"}],"about":[{"href":"https:\/\/lahora.mx\/index.php\/wp-json\/wp\/v2\/types\/post"}],"author":[{"embeddable":true,"href":"https:\/\/lahora.mx\/index.php\/wp-json\/wp\/v2\/users\/4"}],"replies":[{"embeddable":true,"href":"https:\/\/lahora.mx\/index.php\/wp-json\/wp\/v2\/comments?post=28244"}],"version-history":[{"count":1,"href":"https:\/\/lahora.mx\/index.php\/wp-json\/wp\/v2\/posts\/28244\/revisions"}],"predecessor-version":[{"id":28247,"href":"https:\/\/lahora.mx\/index.php\/wp-json\/wp\/v2\/posts\/28244\/revisions\/28247"}],"wp:featuredmedia":[{"embeddable":true,"href":"https:\/\/lahora.mx\/index.php\/wp-json\/wp\/v2\/media\/28245"}],"wp:attachment":[{"href":"https:\/\/lahora.mx\/index.php\/wp-json\/wp\/v2\/media?parent=28244"}],"wp:term":[{"taxonomy":"category","embeddable":true,"href":"https:\/\/lahora.mx\/index.php\/wp-json\/wp\/v2\/categories?post=28244"},{"taxonomy":"post_tag","embeddable":true,"href":"https:\/\/lahora.mx\/index.php\/wp-json\/wp\/v2\/tags?post=28244"}],"curies":[{"name":"wp","href":"https:\/\/api.w.org\/{rel}","templated":true}]}}