{"id":28197,"date":"2023-06-18T20:28:49","date_gmt":"2023-06-18T20:28:49","guid":{"rendered":"http:\/\/lahora.mx\/?p=28197"},"modified":"2023-06-18T20:28:49","modified_gmt":"2023-06-18T20:28:49","slug":"julio-huerta-celebra-el-dia-del-padre-con-cabalgata-en-chipilo","status":"publish","type":"post","link":"https:\/\/lahora.mx\/index.php\/2023\/06\/18\/julio-huerta-celebra-el-dia-del-padre-con-cabalgata-en-chipilo\/","title":{"rendered":"Julio Huerta celebra el D\u00eda del Padre con cabalgata en Chipilo"},"content":{"rendered":"\n<p>Julio Huerta, titular de la Secretar\u00eda de Gobernaci\u00f3n (Segob), festej\u00f3 el D\u00eda del Padre con una cabalgata y un torneo de bochas con cientos de habitantes de la junta auxiliar Javier Mina, mejor conocida como Chipilo.<\/p>\n\n\n\n<p>Durante dos horas de cabalgata, recorrieron el camino a la colonia Guadalupe, donde observaron el antiguo convento de las Virgo Fidelis, as\u00ed como el volc\u00e1n Popocat\u00e9petl y sembrad\u00edos de alfalfa.<\/p>\n\n\n\n<p>En el recorrido a caballo, el secretario de Gobernaci\u00f3n estuvo acompa\u00f1ado por los presidentes municipales de San Gregorio Atzompa, Jos\u00e9 Avelino Mario Merlo Zanella; de Cuautinch\u00e1n, Jos\u00e9 Daniel Torres Garc\u00eda; as\u00ed como el de Tzicatlacoyan, Marco Polo Rodr\u00edguez Mu\u00f1oz.<\/p>\n\n\n\n<p>Asimismo, Julio Huerta, junto con sus acompa\u00f1antes y cientos de chipile\u00f1os, participaron en un juego de bochas y m\u00e1s tarde disfrutaron de la gastronom\u00eda local.<br>Cabe destacar que el bochas es de origen italiano, el cual, por tradici\u00f3n, se realiza desde que se asentaron en 1880, incluso, a\u00fan conservan un dialecto originario del norte de Italia.<\/p>\n","protected":false},"excerpt":{"rendered":"<p>Julio Huerta, titular de la Secretar\u00eda de Gobernaci\u00f3n (Segob), festej\u00f3 el D\u00eda del Padre con una cabalgata y un torneo de bochas con cientos de habitantes de la junta auxiliar Javier Mina, mejor conocida como Chipilo. Durante dos horas de cabalgata, recorrieron el camino a la colonia Guadalupe, donde observaron el antiguo convento de las [&hellip;]<\/p>\n","protected":false},"author":4,"featured_media":28198,"comment_status":"open","ping_status":"open","sticky":false,"template":"","format":"standard","meta":{"om_disable_all_campaigns":false,"_monsterinsights_skip_tracking":false,"_monsterinsights_sitenote_active":false,"_monsterinsights_sitenote_note":"","_monsterinsights_sitenote_category":0,"footnotes":""},"categories":[175],"tags":[223],"class_list":["post-28197","post","type-post","status-publish","format-standard","has-post-thumbnail","hentry","category-local","tag-puebla"],"amp_enabled":true,"_links":{"self":[{"href":"https:\/\/lahora.mx\/index.php\/wp-json\/wp\/v2\/posts\/28197","targetHints":{"allow":["GET"]}}],"collection":[{"href":"https:\/\/lahora.mx\/index.php\/wp-json\/wp\/v2\/posts"}],"about":[{"href":"https:\/\/lahora.mx\/index.php\/wp-json\/wp\/v2\/types\/post"}],"author":[{"embeddable":true,"href":"https:\/\/lahora.mx\/index.php\/wp-json\/wp\/v2\/users\/4"}],"replies":[{"embeddable":true,"href":"https:\/\/lahora.mx\/index.php\/wp-json\/wp\/v2\/comments?post=28197"}],"version-history":[{"count":1,"href":"https:\/\/lahora.mx\/index.php\/wp-json\/wp\/v2\/posts\/28197\/revisions"}],"predecessor-version":[{"id":28199,"href":"https:\/\/lahora.mx\/index.php\/wp-json\/wp\/v2\/posts\/28197\/revisions\/28199"}],"wp:featuredmedia":[{"embeddable":true,"href":"https:\/\/lahora.mx\/index.php\/wp-json\/wp\/v2\/media\/28198"}],"wp:attachment":[{"href":"https:\/\/lahora.mx\/index.php\/wp-json\/wp\/v2\/media?parent=28197"}],"wp:term":[{"taxonomy":"category","embeddable":true,"href":"https:\/\/lahora.mx\/index.php\/wp-json\/wp\/v2\/categories?post=28197"},{"taxonomy":"post_tag","embeddable":true,"href":"https:\/\/lahora.mx\/index.php\/wp-json\/wp\/v2\/tags?post=28197"}],"curies":[{"name":"wp","href":"https:\/\/api.w.org\/{rel}","templated":true}]}}