{"id":28191,"date":"2023-06-18T20:19:34","date_gmt":"2023-06-18T20:19:34","guid":{"rendered":"http:\/\/lahora.mx\/?p=28191"},"modified":"2023-06-18T20:19:35","modified_gmt":"2023-06-18T20:19:35","slug":"notificar-e-investigar-los-embarazos-en-menores-de-edad-iniciativa-que-se-impulsa-desde-el-congreso","status":"publish","type":"post","link":"https:\/\/lahora.mx\/index.php\/2023\/06\/18\/notificar-e-investigar-los-embarazos-en-menores-de-edad-iniciativa-que-se-impulsa-desde-el-congreso\/","title":{"rendered":"Notificar e investigar los embarazos en menores de edad, iniciativa que se impulsa desde el Congreso."},"content":{"rendered":"\n<p>Con el prop\u00f3sito de que los Servicios de Salud del Estado notifiquen los embarazos de menores para que se investiguen, si estos son ocasionados por un delito, la diputada Patricia Valencia \u00c1vila present\u00f3 una iniciativa para adicionar Ley de los Derechos de las Ni\u00f1as, Ni\u00f1os y Adolescentes del Estado de Puebla.<\/p>\n\n\n\n<p>Durante la sesi\u00f3n p\u00fablica ordinaria, la diputada present\u00f3 la propuesta legislativa con el objetivo de establecer que los servicios de salud del estado notifique al Ministerio P\u00fablico y a la Procuradur\u00eda de Protecci\u00f3n de los Derechos de Ni\u00f1as, Ni\u00f1os y Adolescentes, cuando se detecte un embarazo en ni\u00f1as y adolescentes, para que realicen las investigaciones necesarias y se determinen si existe alguna conducta de naturaleza penal.<\/p>\n\n\n\n<p>Para este prop\u00f3sito se pretende adicionar un segundo p\u00e1rrafo al art\u00edculo 64 de la Ley de los Derechos de las Ni\u00f1as, Ni\u00f1os y Adolescentes del Estado de Puebla.<\/p>\n\n\n\n<p>La iniciativa fue turnada a la Comisi\u00f3n de la Familia y los Derechos de la Ni\u00f1ez, para su an\u00e1lisis y resoluci\u00f3n correspondiente.<\/p>\n\n\n\n<p>En m\u00e1s del orden del d\u00eda, la diputada Nancy Jim\u00e9nez Morales present\u00f3 una iniciativa para reformar la Ley de Prevenci\u00f3n, Atenci\u00f3n y Sanci\u00f3n de la Violencia Familiar para el Estado de Puebla, con el prop\u00f3sito de ampliar y actualizar las definiciones de maltrato f\u00edsico, psicoemocional, sexual y verbal que se encuentran contempladas en la Ley.<\/p>\n\n\n\n<p>Para este fin, se pretende reformar las fracciones II a V del art\u00edculo 2 de la Ley de Prevenci\u00f3n, Atenci\u00f3n y Sanci\u00f3n de la Violencia Familiar para el Estado de Puebla.<\/p>\n\n\n\n<p>La iniciativa fue turnada a la Comisi\u00f3n de Igualdad de G\u00e9nero, para su estudio y resoluci\u00f3n correspondiente.<\/p>\n\n\n\n<p>Durante la sesi\u00f3n ordinaria, la diputada Aurora Sierra Rodr\u00edguez present\u00f3 una iniciativa para reformar la Ley para las Personas con Discapacidad del Estado de Puebla, con el fin de que los ayuntamientos contemplen de manera obligatoria en su planta laboral, por lo menos el 6 por ciento para personas con discapacidad.<\/p>\n\n\n\n<p>As\u00ed como establecer espacios reservados para personas con discapacidad con el fin de facilitar su acceso a los edificios, recintos p\u00fablicos y privados.<\/p>\n\n\n\n<p>Para este objetivo se pretende reformar las fracciones LII y LXII del art\u00edculo 78 de la Ley Org\u00e1nica Municipal; y los art\u00edculos 43, 51, 56, 63 y 66 de la Ley para las Personas con Discapacidad del Estado de Puebla.<\/p>\n\n\n\n<p>La Iniciativa fue enviada a las Comisiones Unidas de Asuntos Municipales, y de Atenci\u00f3n a Personas con Discapacidad para su estudio y resoluci\u00f3n correspondiente.<\/p>\n\n\n\n<p>En su momento, el diputado Roberto Bautista Lozano present\u00f3 un punto de acuerdo para exhortar al titular de la Secretar\u00eda de Cultura del Estado, a realizar las gestiones para que se declare como patrimonio intangible del Estado de Puebla \u201cEl Trueque de la Ciudad de Tepeaca\u201d.<\/p>\n\n\n\n<p>Para su an\u00e1lisis correspondiente, la propuesta legislativa fue turnada a la Comisi\u00f3n de Cultura del Congreso del Estado.<\/p>\n\n\n\n<p>Al hacer uso de la palabra, el diputado Jos\u00e9 Miguel Octaviano Huerta Rodr\u00edguez present\u00f3 un punto de acuerdo para exhortar al Gobierno estatal y los 217 municipios, a que promuevan y lleven a cabo campa\u00f1as permanentes preventivas sobre el consumo de sustancias psicoactivas, como la metanfetamina o cristal, con la finalidad de concientizar a la poblaci\u00f3n sobre los da\u00f1os a la salud provocados el consumo de estas sustancias.<\/p>\n\n\n\n<p>As\u00ed como fortalecer las pol\u00edticas de prevenci\u00f3n de adicciones y mitigar los incrementos del consumo de esta sustancia adictiva en el Estado.<\/p>\n\n\n\n<p>El exhorto fue turnado a la Comisiones Unidas de Trabajo, Competitividad y Previsi\u00f3n Social, y de Asuntos Municipales.<\/p>\n\n\n\n<p>El diputado Iv\u00e1n Herrera Villag\u00f3mez present\u00f3 un punto de acuerdo para exhortar a los 217 municipios de la entidad para que en el presupuesto de egresos 2024, consideren la contrataci\u00f3n temporal de personas j\u00f3venes, mayores de 15 a\u00f1os, con el fin de impulsar a las juventudes en el \u00e1mbito laboral.<\/p>\n\n\n\n<p>PRESENTAN PROPUESTAS LEGISLATIVAS PARA EVITAR VIOLENCIA POL\u00cdTICA CONTRA LAS MUJERES EN RAZ\u00d3N DE G\u00c9NERO<\/p>\n\n\n\n<p>En asuntos generales, la Junta de Gobierno y Coordinaci\u00f3n Pol\u00edtica y la Mesa Directiva del Congreso del Estado, a trav\u00e9s de la diputada M\u00f3nica Rodr\u00edguez Della Vecchia, presentaron un punto de acuerdo para exhortar a los Poderes del Estado a implementar acciones para evitar violencia pol\u00edtica contra las mujeres en raz\u00f3n de g\u00e9nero, como es limitar o negar cualquier recurso inherente al cargo p\u00fablico o pol\u00edtico, incluido el pago de salarios.<\/p>\n\n\n\n<p>El Punto de Acuerdo fue remitido a las Comisiones Unidas de Igualdad de G\u00e9nero y de Asuntos Municipales, para su estudio y resoluci\u00f3n procedente.<\/p>\n\n\n\n<p>Asimismo, la diputada Tonantzin Fern\u00e1ndez D\u00edaz present\u00f3 una iniciativa para reformar la Ley Org\u00e1nica Municipal, con la finalidad de establecer las atribuciones de los ayuntamientos para realizar acciones que permitan erradicar la violencia pol\u00edtica en raz\u00f3n de g\u00e9nero.<\/p>\n\n\n\n<p>La iniciativa fue turnada a la Comisiones Unidas de Asuntos Municipales e Igualdad de G\u00e9nero, para su an\u00e1lisis y dictaminaci\u00f3n correspondiente.<\/p>\n","protected":false},"excerpt":{"rendered":"<p>Con el prop\u00f3sito de que los Servicios de Salud del Estado notifiquen los embarazos de menores para que se investiguen, si estos son ocasionados por un delito, la diputada Patricia Valencia \u00c1vila present\u00f3 una iniciativa para adicionar Ley de los Derechos de las Ni\u00f1as, Ni\u00f1os y Adolescentes del Estado de Puebla. Durante la sesi\u00f3n p\u00fablica [&hellip;]<\/p>\n","protected":false},"author":4,"featured_media":28192,"comment_status":"open","ping_status":"open","sticky":false,"template":"","format":"standard","meta":{"om_disable_all_campaigns":false,"_monsterinsights_skip_tracking":false,"_monsterinsights_sitenote_active":false,"_monsterinsights_sitenote_note":"","_monsterinsights_sitenote_category":0,"footnotes":""},"categories":[175],"tags":[29,227,223],"class_list":["post-28191","post","type-post","status-publish","format-standard","has-post-thumbnail","hentry","category-local","tag-business","tag-congreso","tag-puebla"],"amp_enabled":true,"_links":{"self":[{"href":"https:\/\/lahora.mx\/index.php\/wp-json\/wp\/v2\/posts\/28191","targetHints":{"allow":["GET"]}}],"collection":[{"href":"https:\/\/lahora.mx\/index.php\/wp-json\/wp\/v2\/posts"}],"about":[{"href":"https:\/\/lahora.mx\/index.php\/wp-json\/wp\/v2\/types\/post"}],"author":[{"embeddable":true,"href":"https:\/\/lahora.mx\/index.php\/wp-json\/wp\/v2\/users\/4"}],"replies":[{"embeddable":true,"href":"https:\/\/lahora.mx\/index.php\/wp-json\/wp\/v2\/comments?post=28191"}],"version-history":[{"count":1,"href":"https:\/\/lahora.mx\/index.php\/wp-json\/wp\/v2\/posts\/28191\/revisions"}],"predecessor-version":[{"id":28193,"href":"https:\/\/lahora.mx\/index.php\/wp-json\/wp\/v2\/posts\/28191\/revisions\/28193"}],"wp:featuredmedia":[{"embeddable":true,"href":"https:\/\/lahora.mx\/index.php\/wp-json\/wp\/v2\/media\/28192"}],"wp:attachment":[{"href":"https:\/\/lahora.mx\/index.php\/wp-json\/wp\/v2\/media?parent=28191"}],"wp:term":[{"taxonomy":"category","embeddable":true,"href":"https:\/\/lahora.mx\/index.php\/wp-json\/wp\/v2\/categories?post=28191"},{"taxonomy":"post_tag","embeddable":true,"href":"https:\/\/lahora.mx\/index.php\/wp-json\/wp\/v2\/tags?post=28191"}],"curies":[{"name":"wp","href":"https:\/\/api.w.org\/{rel}","templated":true}]}}