{"id":28179,"date":"2023-06-18T19:55:52","date_gmt":"2023-06-18T19:55:52","guid":{"rendered":"http:\/\/lahora.mx\/?p=28179"},"modified":"2023-06-18T19:55:52","modified_gmt":"2023-06-18T19:55:52","slug":"arzobispo-victor-sanchez-espinosa-ofrece-misa-por-desaparecidos","status":"publish","type":"post","link":"https:\/\/lahora.mx\/index.php\/2023\/06\/18\/arzobispo-victor-sanchez-espinosa-ofrece-misa-por-desaparecidos\/","title":{"rendered":"Arzobispo V\u00edctor S\u00e1nchez Espinosa ofrece misa por desaparecidos"},"content":{"rendered":"\n<p>Este domingo 18 de junio, el colectivo \u201cVoz de los Desaparecidos\u201d lleg\u00f3 con lonas y c\u00e1rteles a la Catedral Metropolitana de Puebla y exigieron la b\u00fasqueda de sus seres queridos, adem\u00e1s, pidieron oraciones por su regreso con vida. El arzobispo de Puebla, V\u00edctor S\u00e1nchez Espinosa, ofreci\u00f3 una misa en memoria de los ausentes, as\u00ed como las v\u00edctimas de violencia.<\/p>\n\n\n\n<p>Durante el desarrollo de la ceremonia eucar\u00edstica se fueron haciendo presentes decenas de personas, quienes extendieron sus carteles y afiches con la fotograf\u00eda de sus familiares y amigos desaparecidos, algunos de ellos, en voz baja, rezaban y emit\u00edan plegarias por sus ausentes.<br>La mayor\u00eda de las familias portaba una playera con la fotograf\u00eda de la persona desaparecida, y escucharon atentos el mensaje del l\u00edder de la grey cat\u00f3lica en Puebla: \u201cinvitamos a cada persona a recordar y orar por las v\u00edctimas de la violencia y a pedir por la paz\u201d, dijo.<\/p>\n\n\n\n<p>Durante la ceremonia eucarist\u00eda, S\u00e1nchez Espinosa se acerc\u00f3 a los asistentes para platicar y elevar sus plegarias por sus seres queridos, asimismo pidi\u00f3 para que se reduzcan los \u00edndices de violencia e inseguridad, esto como parte de la jornada de oraci\u00f3n por todas las v\u00edctimas y las personas desaparecidas.<br>Refiri\u00f3 que el trance por el que pasan las familias no es una situaci\u00f3n imaginaria, ni una ocurrencia, pues las desapariciones en M\u00e9xico son una realidad lacerante y dolorosa que afecta a miles de personas.<\/p>\n\n\n\n<p>\u201cPor todas las v\u00edctimas de violencia en el pa\u00eds, por todas las personas desaparecidas. Aqu\u00ed entre nosotros est\u00e1 el colectivo Voz de los Desaparecidos de Puebla, madres buscadoras que buscan a sus hijos desaparecidos que a veces las asesinan a ellas. Les agradezco a los padres jesuitas y a la Ibero que acompa\u00f1a a este colectivo de mujeres que buscan a sus hijos\u201d, dijo durante la misa de este domingo.<\/p>\n\n\n\n<p>Indico que, como iglesia de M\u00e9xico, elevaron sus oraciones por todas las personas que han fallecido, especialmente por los sacerdotes jesuitas Javier y Joaqu\u00edn, a un a\u00f1o de su asesinato en la Sierra Tarahumara, as\u00ed como por aquellos que han trabajado incansablemente por el bien com\u00fan y han sido v\u00edctimas de la violencia como las hermanas Catequistas asesinadas en la di\u00f3cesis de Huajuapan de Le\u00f3n.<\/p>\n\n\n\n<p>Es de mencionar que de acuerdo con Mar\u00eda Luisa N\u00fa\u00f1ez Barrojas, fundadora del Colectivo \u201cVoz de los Desaparecidos\u201d, en la entidad poblana hay m\u00e1s de 3 mil personas desaparecidas; en promedio registran entre 4 y 5 reportes.<\/p>\n\n\n\n<p>La activista mencion\u00f3 en entrevista que, aunque ha mejorado la comunicaci\u00f3n con la Fiscal\u00eda General del Estado, los procesos, investigaciones y diligencias para esclarecer las desapariciones tienen poco avance.<\/p>\n\n\n\n<p>Asimismo, agradeci\u00f3 al arzobispo V\u00edctor S\u00e1nchez Espinosa, que durante la misa dominical haya reconocido la lucha que familiares e integrantes del colectivo hacen para buscar a sus seres queridos.<\/p>\n\n\n\n<p>\u201cComo seres humanos tambi\u00e9n tenemos nuestras propias creencias y nos acompa\u00f1a ante este camino de desolaci\u00f3n la fe y la esperanza, la mayor\u00eda de los compa\u00f1eros creemos en Dios y venimos a misa porque a nivel nacional se hizo oraci\u00f3n por las personas desaparecidas y nosotros si bien aclamamos justicia por nuestros desaparecidos, pero tambi\u00e9n nos abrazamos de la justicia divina\u201d, expres\u00f3 N\u00fa\u00f1ez Barrojas durante la misa en Catedral de Puebla que ofreci\u00f3 el arzobispo por los desaparecidos.<\/p>\n","protected":false},"excerpt":{"rendered":"<p>Este domingo 18 de junio, el colectivo \u201cVoz de los Desaparecidos\u201d lleg\u00f3 con lonas y c\u00e1rteles a la Catedral Metropolitana de Puebla y exigieron la b\u00fasqueda de sus seres queridos, adem\u00e1s, pidieron oraciones por su regreso con vida. El arzobispo de Puebla, V\u00edctor S\u00e1nchez Espinosa, ofreci\u00f3 una misa en memoria de los ausentes, as\u00ed como [&hellip;]<\/p>\n","protected":false},"author":4,"featured_media":28180,"comment_status":"open","ping_status":"open","sticky":false,"template":"","format":"standard","meta":{"om_disable_all_campaigns":false,"_monsterinsights_skip_tracking":false,"_monsterinsights_sitenote_active":false,"_monsterinsights_sitenote_note":"","_monsterinsights_sitenote_category":0,"footnotes":""},"categories":[175],"tags":[223],"class_list":["post-28179","post","type-post","status-publish","format-standard","has-post-thumbnail","hentry","category-local","tag-puebla"],"amp_enabled":true,"_links":{"self":[{"href":"https:\/\/lahora.mx\/index.php\/wp-json\/wp\/v2\/posts\/28179","targetHints":{"allow":["GET"]}}],"collection":[{"href":"https:\/\/lahora.mx\/index.php\/wp-json\/wp\/v2\/posts"}],"about":[{"href":"https:\/\/lahora.mx\/index.php\/wp-json\/wp\/v2\/types\/post"}],"author":[{"embeddable":true,"href":"https:\/\/lahora.mx\/index.php\/wp-json\/wp\/v2\/users\/4"}],"replies":[{"embeddable":true,"href":"https:\/\/lahora.mx\/index.php\/wp-json\/wp\/v2\/comments?post=28179"}],"version-history":[{"count":1,"href":"https:\/\/lahora.mx\/index.php\/wp-json\/wp\/v2\/posts\/28179\/revisions"}],"predecessor-version":[{"id":28181,"href":"https:\/\/lahora.mx\/index.php\/wp-json\/wp\/v2\/posts\/28179\/revisions\/28181"}],"wp:featuredmedia":[{"embeddable":true,"href":"https:\/\/lahora.mx\/index.php\/wp-json\/wp\/v2\/media\/28180"}],"wp:attachment":[{"href":"https:\/\/lahora.mx\/index.php\/wp-json\/wp\/v2\/media?parent=28179"}],"wp:term":[{"taxonomy":"category","embeddable":true,"href":"https:\/\/lahora.mx\/index.php\/wp-json\/wp\/v2\/categories?post=28179"},{"taxonomy":"post_tag","embeddable":true,"href":"https:\/\/lahora.mx\/index.php\/wp-json\/wp\/v2\/tags?post=28179"}],"curies":[{"name":"wp","href":"https:\/\/api.w.org\/{rel}","templated":true}]}}