{"id":28176,"date":"2023-06-18T17:46:01","date_gmt":"2023-06-18T17:46:01","guid":{"rendered":"http:\/\/lahora.mx\/?p=28176"},"modified":"2023-06-18T17:46:02","modified_gmt":"2023-06-18T17:46:02","slug":"el-volcan-popocatepetl-emite-una-explosion-durante-la-madrugada-anunciando-el-dia-del-padre","status":"publish","type":"post","link":"https:\/\/lahora.mx\/index.php\/2023\/06\/18\/el-volcan-popocatepetl-emite-una-explosion-durante-la-madrugada-anunciando-el-dia-del-padre\/","title":{"rendered":"El volc\u00e1n Popocat\u00e9petl emite una explosi\u00f3n durante la madrugada \u00abanunciando el d\u00eda del padre\u00bb"},"content":{"rendered":"\n<p>La madrugada de este domingo, el volc\u00e1n Popocat\u00e9petl registr\u00f3 una nueva explosi\u00f3n con emisi\u00f3n de material incandescente y ceniza.<\/p>\n\n\n\n<p>La fuerte explosi\u00f3n se registr\u00f3 alrededor de las 03:37 horas de este domingo 17 de junio, la cual gener\u00f3 la emisi\u00f3n de fragmentos bal\u00edsticos que alcanzaron una distancia aproximada de 2.5 kil\u00f3metros.<\/p>\n\n\n\n<p>De acuerdo a datos del Cenapred, en las \u00faltimas 24 horas se registraron un total de 91 exhalaciones acompa\u00f1adas de vapor de agua y gases volc\u00e1nicos.<\/p>\n\n\n\n<p>Adem\u00e1s de las exhalaciones, se observaron 275 minutos de tremor de baja a media amplitud y alta frecuencia, as\u00ed como 19 minutos de tremor arm\u00f3nico de baja amplitud.<\/p>\n\n\n\n<p>La plataforma WebCams logr\u00f3 captar el impresionante momento de la explosi\u00f3n del Popocat\u00e9petl durante la madrugada de este domingo.<\/p>\n\n\n\n<p>A pesar de que la ceniza expulsada por el volc\u00e1n se consider\u00f3 de bajo contenido, el Cenapred est\u00e1 realizando un monitoreo constante para evaluar cualquier cambio en la actividad volc\u00e1nica y tomar las medidas de seguridad necesarias para proteger a la poblaci\u00f3n<\/p>\n","protected":false},"excerpt":{"rendered":"<p>La madrugada de este domingo, el volc\u00e1n Popocat\u00e9petl registr\u00f3 una nueva explosi\u00f3n con emisi\u00f3n de material incandescente y ceniza. La fuerte explosi\u00f3n se registr\u00f3 alrededor de las 03:37 horas de este domingo 17 de junio, la cual gener\u00f3 la emisi\u00f3n de fragmentos bal\u00edsticos que alcanzaron una distancia aproximada de 2.5 kil\u00f3metros. De acuerdo a datos [&hellip;]<\/p>\n","protected":false},"author":4,"featured_media":28177,"comment_status":"open","ping_status":"open","sticky":false,"template":"","format":"standard","meta":{"om_disable_all_campaigns":false,"_monsterinsights_skip_tracking":false,"_monsterinsights_sitenote_active":false,"_monsterinsights_sitenote_note":"","_monsterinsights_sitenote_category":0,"footnotes":""},"categories":[175],"tags":[195,223],"class_list":["post-28176","post","type-post","status-publish","format-standard","has-post-thumbnail","hentry","category-local","tag-principal","tag-puebla"],"amp_enabled":true,"_links":{"self":[{"href":"https:\/\/lahora.mx\/index.php\/wp-json\/wp\/v2\/posts\/28176","targetHints":{"allow":["GET"]}}],"collection":[{"href":"https:\/\/lahora.mx\/index.php\/wp-json\/wp\/v2\/posts"}],"about":[{"href":"https:\/\/lahora.mx\/index.php\/wp-json\/wp\/v2\/types\/post"}],"author":[{"embeddable":true,"href":"https:\/\/lahora.mx\/index.php\/wp-json\/wp\/v2\/users\/4"}],"replies":[{"embeddable":true,"href":"https:\/\/lahora.mx\/index.php\/wp-json\/wp\/v2\/comments?post=28176"}],"version-history":[{"count":1,"href":"https:\/\/lahora.mx\/index.php\/wp-json\/wp\/v2\/posts\/28176\/revisions"}],"predecessor-version":[{"id":28178,"href":"https:\/\/lahora.mx\/index.php\/wp-json\/wp\/v2\/posts\/28176\/revisions\/28178"}],"wp:featuredmedia":[{"embeddable":true,"href":"https:\/\/lahora.mx\/index.php\/wp-json\/wp\/v2\/media\/28177"}],"wp:attachment":[{"href":"https:\/\/lahora.mx\/index.php\/wp-json\/wp\/v2\/media?parent=28176"}],"wp:term":[{"taxonomy":"category","embeddable":true,"href":"https:\/\/lahora.mx\/index.php\/wp-json\/wp\/v2\/categories?post=28176"},{"taxonomy":"post_tag","embeddable":true,"href":"https:\/\/lahora.mx\/index.php\/wp-json\/wp\/v2\/tags?post=28176"}],"curies":[{"name":"wp","href":"https:\/\/api.w.org\/{rel}","templated":true}]}}