{"id":28168,"date":"2023-06-18T17:36:22","date_gmt":"2023-06-18T17:36:22","guid":{"rendered":"http:\/\/lahora.mx\/?p=28168"},"modified":"2023-06-18T17:36:22","modified_gmt":"2023-06-18T17:36:22","slug":"julio-huerta-esperara-a-morena-para-definir-permanencia-en-segob","status":"publish","type":"post","link":"https:\/\/lahora.mx\/index.php\/2023\/06\/18\/julio-huerta-esperara-a-morena-para-definir-permanencia-en-segob\/","title":{"rendered":"Julio Huerta esperar\u00e1 a Morena para definir permanencia en Segob"},"content":{"rendered":"\n<p>Julio Miguel Huerta G\u00f3mez, secretario de Gobernaci\u00f3n de Puebla, esperar\u00e1 a que las dirigencias nacional y estatal de Morena definan los tiempos del proceso electoral en el estado a fin de tomar una decisi\u00f3n sobre su permanencia en el cargo.<\/p>\n\n\n\n<p>En entrevista, previo a la cabalgata en Chipilo, \u201cFestejando a pap\u00e1 con Julio Huerta\u201d, el funcionario estatal reiter\u00f3 sus aspiraciones a contender en las pr\u00f3ximas elecciones.<\/p>\n\n\n\n<p>All\u00ed, Huerta G\u00f3mez refrend\u00f3 su compromiso de seguir trabajando por los poblanos y darle continuidad a los trabajos del gobernador Sergio C\u00e9spedes Peregrina, por lo cual dijo que esperar\u00e1 a que las dirigencias nacional y estatal de Morena definan los tiempos del proceso electoral.<br>\u201cEs una situaci\u00f3n que su servidor est\u00e1 evaluando, definitivamente hay que tomarlo con seriedad. Lo que nosotros coment\u00e1bamos antes del domingo pasado pues era que no hab\u00eda claridad en las reglas. Y ahora ya tenemos claridad sobre cu\u00e1les son las reglas y actuaremos en consecuencia, estaremos tomando la decisi\u00f3n muy pronto\u201d, se\u00f1al\u00f3.<\/p>\n\n\n\n<p>Lo anterior debido a que actualmente es secretario de Gobernaci\u00f3n, coordinador de campa\u00f1a de Claudia Sheinbaum y aspirante a la gubernatura de Puebla, por ello indic\u00f3 que analiza su permanencia en la Segob.<\/p>\n\n\n\n<p>Asimismo, Julio Huerta, quien dijo que esperar\u00e1 tiempos de Morena para definir permanencia en Segob, anunci\u00f3 que ser\u00e1 en el transcurso de la semana cuando el senador con licencia Ricardo Monreal \u00c1vila, visite la entidad poblana tras haberse registrado como precandidato a la presidencia de M\u00e9xico, aunque no detall\u00f3 el d\u00eda ni el lugar.<\/p>\n","protected":false},"excerpt":{"rendered":"<p>Julio Miguel Huerta G\u00f3mez, secretario de Gobernaci\u00f3n de Puebla, esperar\u00e1 a que las dirigencias nacional y estatal de Morena definan los tiempos del proceso electoral en el estado a fin de tomar una decisi\u00f3n sobre su permanencia en el cargo. En entrevista, previo a la cabalgata en Chipilo, \u201cFestejando a pap\u00e1 con Julio Huerta\u201d, el [&hellip;]<\/p>\n","protected":false},"author":4,"featured_media":28169,"comment_status":"open","ping_status":"open","sticky":false,"template":"","format":"standard","meta":{"om_disable_all_campaigns":false,"_monsterinsights_skip_tracking":false,"_monsterinsights_sitenote_active":false,"_monsterinsights_sitenote_note":"","_monsterinsights_sitenote_category":0,"footnotes":""},"categories":[175],"tags":[223],"class_list":["post-28168","post","type-post","status-publish","format-standard","has-post-thumbnail","hentry","category-local","tag-puebla"],"amp_enabled":true,"_links":{"self":[{"href":"https:\/\/lahora.mx\/index.php\/wp-json\/wp\/v2\/posts\/28168","targetHints":{"allow":["GET"]}}],"collection":[{"href":"https:\/\/lahora.mx\/index.php\/wp-json\/wp\/v2\/posts"}],"about":[{"href":"https:\/\/lahora.mx\/index.php\/wp-json\/wp\/v2\/types\/post"}],"author":[{"embeddable":true,"href":"https:\/\/lahora.mx\/index.php\/wp-json\/wp\/v2\/users\/4"}],"replies":[{"embeddable":true,"href":"https:\/\/lahora.mx\/index.php\/wp-json\/wp\/v2\/comments?post=28168"}],"version-history":[{"count":1,"href":"https:\/\/lahora.mx\/index.php\/wp-json\/wp\/v2\/posts\/28168\/revisions"}],"predecessor-version":[{"id":28170,"href":"https:\/\/lahora.mx\/index.php\/wp-json\/wp\/v2\/posts\/28168\/revisions\/28170"}],"wp:featuredmedia":[{"embeddable":true,"href":"https:\/\/lahora.mx\/index.php\/wp-json\/wp\/v2\/media\/28169"}],"wp:attachment":[{"href":"https:\/\/lahora.mx\/index.php\/wp-json\/wp\/v2\/media?parent=28168"}],"wp:term":[{"taxonomy":"category","embeddable":true,"href":"https:\/\/lahora.mx\/index.php\/wp-json\/wp\/v2\/categories?post=28168"},{"taxonomy":"post_tag","embeddable":true,"href":"https:\/\/lahora.mx\/index.php\/wp-json\/wp\/v2\/tags?post=28168"}],"curies":[{"name":"wp","href":"https:\/\/api.w.org\/{rel}","templated":true}]}}