{"id":28165,"date":"2023-06-18T17:34:20","date_gmt":"2023-06-18T17:34:20","guid":{"rendered":"http:\/\/lahora.mx\/?p=28165"},"modified":"2023-06-18T17:34:21","modified_gmt":"2023-06-18T17:34:21","slug":"spartan-race-todo-un-exito-en-el-valle-de-piedras-encimadas","status":"publish","type":"post","link":"https:\/\/lahora.mx\/index.php\/2023\/06\/18\/spartan-race-todo-un-exito-en-el-valle-de-piedras-encimadas\/","title":{"rendered":"Spartan Race; todo un \u00e9xito en el Valle de Piedras Encimadas"},"content":{"rendered":"\n<p>En un ambiente de fiesta, competencia y convivencia familiar, m\u00e1s de 4 mil deportistas nacionales y extranjeros, as\u00ed como 8 mil visitantes y turistas, disfrutaron de la Tercera Edici\u00f3n del Spartan Race realizada en el Valle de Piedras Encimadas, encuentro deportivo de talla internacional, celebrado gracias al gobierno presente de Sergio Salom\u00f3n, a trav\u00e9s de la Secretar\u00eda de Turismo, en coordinaci\u00f3n con el gobierno municipal de este Pueblo M\u00e1gico y el comit\u00e9 organizador.<\/p>\n\n\n\n<p>Desde las 08:00 horas, iniciaron las competencias, teniendo como escenario la imponente naturaleza que ofrece el parque ecotur\u00edstico, donde los participantes, dieron su mejor esfuerzo y mostraron sus habilidades en los obst\u00e1culos que distinguen a esta justa deportiva.<\/p>\n\n\n\n<p>En el acto inaugural y en representaci\u00f3n del gobernador Sergio Salom\u00f3n, la titular de la Secretar\u00eda de Turismo, Marta Ornelas Guerrero destac\u00f3 la respuesta de los competidores y coment\u00f3 que tal evento, adem\u00e1s de promover el deporte entre ni\u00f1os y j\u00f3venes, impulsa el turismo sustentable y reactiva la econom\u00eda de la Sierra Norte.<\/p>\n\n\n\n<p>Tania M\u00e9ndez, quien lleg\u00f3 de Toluca, con su esposo, dos hijos y dos familias, particip\u00f3 en Spartan Race y aprovech\u00f3 para planear una visita por la Blue Ruta de este Pueblo M\u00e1gico, mientras que Alberto Mendoza, viaj\u00f3 desde el municipio de Atlixco y en la muestra artesanal y gastron\u00f3mica, adquiri\u00f3 mezcal y mu\u00e9ganos de Tehuac\u00e1n y de otros destinos de vocaci\u00f3n tur\u00edstica.<\/p>\n\n\n\n<p>Adem\u00e1s de la competencia, los visitantes provenientes de diversos estados y de otros pa\u00edses como Estados Unidos, Canad\u00e1, Brasil, Costa Rica, Chile y Puerto Rico, entre otros, degustaron diversos platillos de la regi\u00f3n en una muestra gastron\u00f3mica instalada en la sede del evento y recorrieron los m\u00f3dulos de los 10 Pueblos M\u00e1gicos de Puebla, as\u00ed como de los municipios de Tehuac\u00e1n y Tepeaca. Por la noche, despu\u00e9s de la premiaci\u00f3n, presenciaron un espect\u00e1culo de m\u00fasica prehisp\u00e1nica y electr\u00f3nica, y diversas actividades.<\/p>\n","protected":false},"excerpt":{"rendered":"<p>En un ambiente de fiesta, competencia y convivencia familiar, m\u00e1s de 4 mil deportistas nacionales y extranjeros, as\u00ed como 8 mil visitantes y turistas, disfrutaron de la Tercera Edici\u00f3n del Spartan Race realizada en el Valle de Piedras Encimadas, encuentro deportivo de talla internacional, celebrado gracias al gobierno presente de Sergio Salom\u00f3n, a trav\u00e9s de [&hellip;]<\/p>\n","protected":false},"author":4,"featured_media":28166,"comment_status":"open","ping_status":"open","sticky":false,"template":"","format":"standard","meta":{"om_disable_all_campaigns":false,"_monsterinsights_skip_tracking":false,"_monsterinsights_sitenote_active":false,"_monsterinsights_sitenote_note":"","_monsterinsights_sitenote_category":0,"footnotes":""},"categories":[175],"tags":[223],"class_list":["post-28165","post","type-post","status-publish","format-standard","has-post-thumbnail","hentry","category-local","tag-puebla"],"amp_enabled":true,"_links":{"self":[{"href":"https:\/\/lahora.mx\/index.php\/wp-json\/wp\/v2\/posts\/28165","targetHints":{"allow":["GET"]}}],"collection":[{"href":"https:\/\/lahora.mx\/index.php\/wp-json\/wp\/v2\/posts"}],"about":[{"href":"https:\/\/lahora.mx\/index.php\/wp-json\/wp\/v2\/types\/post"}],"author":[{"embeddable":true,"href":"https:\/\/lahora.mx\/index.php\/wp-json\/wp\/v2\/users\/4"}],"replies":[{"embeddable":true,"href":"https:\/\/lahora.mx\/index.php\/wp-json\/wp\/v2\/comments?post=28165"}],"version-history":[{"count":1,"href":"https:\/\/lahora.mx\/index.php\/wp-json\/wp\/v2\/posts\/28165\/revisions"}],"predecessor-version":[{"id":28167,"href":"https:\/\/lahora.mx\/index.php\/wp-json\/wp\/v2\/posts\/28165\/revisions\/28167"}],"wp:featuredmedia":[{"embeddable":true,"href":"https:\/\/lahora.mx\/index.php\/wp-json\/wp\/v2\/media\/28166"}],"wp:attachment":[{"href":"https:\/\/lahora.mx\/index.php\/wp-json\/wp\/v2\/media?parent=28165"}],"wp:term":[{"taxonomy":"category","embeddable":true,"href":"https:\/\/lahora.mx\/index.php\/wp-json\/wp\/v2\/categories?post=28165"},{"taxonomy":"post_tag","embeddable":true,"href":"https:\/\/lahora.mx\/index.php\/wp-json\/wp\/v2\/tags?post=28165"}],"curies":[{"name":"wp","href":"https:\/\/api.w.org\/{rel}","templated":true}]}}