{"id":28154,"date":"2023-06-18T04:22:04","date_gmt":"2023-06-18T04:22:04","guid":{"rendered":"http:\/\/lahora.mx\/?p=28154"},"modified":"2023-06-18T04:22:04","modified_gmt":"2023-06-18T04:22:04","slug":"lnicia-jornada-contras-adiciones-en-puebla-si-te-drogas-te-danas","status":"publish","type":"post","link":"https:\/\/lahora.mx\/index.php\/2023\/06\/18\/lnicia-jornada-contras-adiciones-en-puebla-si-te-drogas-te-danas\/","title":{"rendered":"lnicia jornada contras adiciones en Puebla \u201cSi te drogas, te da\u00f1as\u201d"},"content":{"rendered":"\n<p>Para el gobierno de Puebla los j\u00f3venes son una prioridad, es por ello que son impulsadas pol\u00edticas p\u00fablicas para garantizar su futuro, desarrollo pleno, seguridad y salud, manifest\u00f3 el gobernador Sergio Salom\u00f3n al presidir la Jornada Estatal para la Prevenci\u00f3n de Adicciones \u201cSi te drogas, te da\u00f1as\u201d.<\/p>\n\n\n\n<p>En compa\u00f1\u00eda de autoridades federales, estatales y municipales, el titular del Ejecutivo invit\u00f3 a los diversos sectores de la sociedad a trabajar en conjunto con la autoridad para evitar que los j\u00f3venes consuman drogas y tengan todas las herramientas necesarias para que vivan felices.<br>Llam\u00f3 a padres de familia a fortalecer los valores y principios con la finalidad de que sus hijos se desenvuelvan sanamente, practiquen alguna disciplina y eviten el consumo de sustancias que perjudiquen su salud. Asimismo, a las y los docentes a continuar como ejemplo de civismo y ser un pilar fundamental para el desarrollo acad\u00e9mico y personal de sus estudiantes.<\/p>\n\n\n\n<p>Sergio Salom\u00f3n recalc\u00f3 que la administraci\u00f3n estatal vela por el bienestar de los j\u00f3venes, ya que son el futuro de la entidad y del pa\u00eds. Puntualiz\u00f3 que no dejar\u00e1 de promover acciones para que existan mejores condiciones de vida, progreso, desarrollo y el tejido social se fortalezca: \u201ctrabajemos unidos para opacar los incentivos que generan que los j\u00f3venes consuman drogas. Hag\u00e1moslo juntos, por la juventud poblana, por las siguientes generaciones\u201d.<br>M\u00e1s de 622 mil estudiantes estuvieron en activaci\u00f3n: SEP<br>La titular de la Secretar\u00eda de Educaci\u00f3n, Isabel Merlo Talavera mencion\u00f3 que, de manera simult\u00e1nea a dicho evento, estuvieron en activaci\u00f3n 4 mil 276 escuelas, 37 mil docentes y 622 mil 617 estudiantes de la entidad, con actividades f\u00edsicas y l\u00fadicas. Recalc\u00f3 que la prioridad del gobierno estatal, encabezado por Sergio Salom\u00f3n, es proteger de la violencia y el consumo de sustancias t\u00f3xicas a las y los alumnos poblanos, otorg\u00e1ndoles herramientas e informaci\u00f3n que permitan evitar el consumo de cualquier droga.<\/p>\n\n\n\n<p>La funcionaria invit\u00f3 a estudiantes, docentes y padres de familia a replicar la campa\u00f1a contra las adiciones en Puebla, \u201cSi te drogas, te da\u00f1as\u201d, en cada rinc\u00f3n de la entidad, y con ello promover en los j\u00f3venes poblanos una sana convivencia.<\/p>\n","protected":false},"excerpt":{"rendered":"<p>Para el gobierno de Puebla los j\u00f3venes son una prioridad, es por ello que son impulsadas pol\u00edticas p\u00fablicas para garantizar su futuro, desarrollo pleno, seguridad y salud, manifest\u00f3 el gobernador Sergio Salom\u00f3n al presidir la Jornada Estatal para la Prevenci\u00f3n de Adicciones \u201cSi te drogas, te da\u00f1as\u201d. En compa\u00f1\u00eda de autoridades federales, estatales y municipales, [&hellip;]<\/p>\n","protected":false},"author":4,"featured_media":28155,"comment_status":"open","ping_status":"open","sticky":false,"template":"","format":"standard","meta":{"om_disable_all_campaigns":false,"_monsterinsights_skip_tracking":false,"_monsterinsights_sitenote_active":false,"_monsterinsights_sitenote_note":"","_monsterinsights_sitenote_category":0,"footnotes":""},"categories":[175],"tags":[195,223],"class_list":["post-28154","post","type-post","status-publish","format-standard","has-post-thumbnail","hentry","category-local","tag-principal","tag-puebla"],"amp_enabled":true,"_links":{"self":[{"href":"https:\/\/lahora.mx\/index.php\/wp-json\/wp\/v2\/posts\/28154","targetHints":{"allow":["GET"]}}],"collection":[{"href":"https:\/\/lahora.mx\/index.php\/wp-json\/wp\/v2\/posts"}],"about":[{"href":"https:\/\/lahora.mx\/index.php\/wp-json\/wp\/v2\/types\/post"}],"author":[{"embeddable":true,"href":"https:\/\/lahora.mx\/index.php\/wp-json\/wp\/v2\/users\/4"}],"replies":[{"embeddable":true,"href":"https:\/\/lahora.mx\/index.php\/wp-json\/wp\/v2\/comments?post=28154"}],"version-history":[{"count":1,"href":"https:\/\/lahora.mx\/index.php\/wp-json\/wp\/v2\/posts\/28154\/revisions"}],"predecessor-version":[{"id":28156,"href":"https:\/\/lahora.mx\/index.php\/wp-json\/wp\/v2\/posts\/28154\/revisions\/28156"}],"wp:featuredmedia":[{"embeddable":true,"href":"https:\/\/lahora.mx\/index.php\/wp-json\/wp\/v2\/media\/28155"}],"wp:attachment":[{"href":"https:\/\/lahora.mx\/index.php\/wp-json\/wp\/v2\/media?parent=28154"}],"wp:term":[{"taxonomy":"category","embeddable":true,"href":"https:\/\/lahora.mx\/index.php\/wp-json\/wp\/v2\/categories?post=28154"},{"taxonomy":"post_tag","embeddable":true,"href":"https:\/\/lahora.mx\/index.php\/wp-json\/wp\/v2\/tags?post=28154"}],"curies":[{"name":"wp","href":"https:\/\/api.w.org\/{rel}","templated":true}]}}