{"id":28151,"date":"2023-06-18T04:18:16","date_gmt":"2023-06-18T04:18:16","guid":{"rendered":"http:\/\/lahora.mx\/?p=28151"},"modified":"2023-06-18T04:18:17","modified_gmt":"2023-06-18T04:18:17","slug":"marcha-lgbt-en-puebla-para-acabar-con-la-discriminacion","status":"publish","type":"post","link":"https:\/\/lahora.mx\/index.php\/2023\/06\/18\/marcha-lgbt-en-puebla-para-acabar-con-la-discriminacion\/","title":{"rendered":"Marcha LGBT en Puebla para acabar con la discriminaci\u00f3n"},"content":{"rendered":"\n<p>Un rayo multicolor atraves\u00f3 el Centro Hist\u00f3rico de la ciudad de Puebla conformado por al menos 20 mil personas envueltas en la causa de la diversidad sexual celebraron el orgullo LGBTTTIQ+.<\/p>\n\n\n\n<p>Este s\u00e1bado 17 de junio se llev\u00f3 a cabo la Marcha LGBTTTIQ en Puebla encabezada por la APPS, pero arropada por una veintena de organizaciones colectivas que ataviadas por creativos y originales indumentarias llenaron las calles de fiesta.<\/p>\n\n\n\n<p>A pesar de significar un festejo por parte de la comunidad, tambi\u00e9n representa la oportunidad de alzar la voz ante el paradigma que a\u00fan persiste en la sociedad poblana.<br>La concentraci\u00f3n de personas comenz\u00f3 a nutrirse al rededor de las 15:00 horas en las inmediaciones del parque Benito Ju\u00e1rez ubicado sobre bulevar H\u00e9roes del 5 de Mayo a la altura de plaza Dorada.<\/p>\n\n\n\n<p>Previo arranque del contingente, integrantes de organizaciones que arroparon la marcha como el Contingente Independiente y Aut\u00f3nomo expresaron que a pesar de ser una celebraci\u00f3n, tambi\u00e9n hay muchos pendientes relativos al acceso adecuado a los derechos humanos.<\/p>\n\n\n\n<p>Por lo que urgieron a las autoridades a reforzar las pol\u00edticas p\u00fablicas encaminadas a garantizar los derechos humanos de la comunidad LGBT en Puebla. Incluso reprocharon que en medio de ambito pol\u00edtico de cara a las elecciones 2024 haya personajes que expresan y difunden mensajes discriminatorios hacia este sector de la poblaci\u00f3n.<\/p>\n\n\n\n<p>Por su parte, Mayte Rivera Vivanco, secretaria estatal de Diversidad Sexual de Morena, quien fue se\u00f1alada horas antes por \u00abMajo\u00bb de APPS de intentar sabotear la marcha al supuestamente convocar a otra concentraci\u00f3n para ejercer grupos de choque, manifest\u00f3 que la marcha no le pertenece a nadie y son las colectividades las que han impulsado la defensa de la diversidad sexual desde varios a\u00f1os.<\/p>\n","protected":false},"excerpt":{"rendered":"<p>Un rayo multicolor atraves\u00f3 el Centro Hist\u00f3rico de la ciudad de Puebla conformado por al menos 20 mil personas envueltas en la causa de la diversidad sexual celebraron el orgullo LGBTTTIQ+. Este s\u00e1bado 17 de junio se llev\u00f3 a cabo la Marcha LGBTTTIQ en Puebla encabezada por la APPS, pero arropada por una veintena de [&hellip;]<\/p>\n","protected":false},"author":4,"featured_media":28152,"comment_status":"open","ping_status":"open","sticky":false,"template":"","format":"standard","meta":{"om_disable_all_campaigns":false,"_monsterinsights_skip_tracking":false,"_monsterinsights_sitenote_active":false,"_monsterinsights_sitenote_note":"","_monsterinsights_sitenote_category":0,"footnotes":""},"categories":[175],"tags":[195,223],"class_list":["post-28151","post","type-post","status-publish","format-standard","has-post-thumbnail","hentry","category-local","tag-principal","tag-puebla"],"amp_enabled":true,"_links":{"self":[{"href":"https:\/\/lahora.mx\/index.php\/wp-json\/wp\/v2\/posts\/28151","targetHints":{"allow":["GET"]}}],"collection":[{"href":"https:\/\/lahora.mx\/index.php\/wp-json\/wp\/v2\/posts"}],"about":[{"href":"https:\/\/lahora.mx\/index.php\/wp-json\/wp\/v2\/types\/post"}],"author":[{"embeddable":true,"href":"https:\/\/lahora.mx\/index.php\/wp-json\/wp\/v2\/users\/4"}],"replies":[{"embeddable":true,"href":"https:\/\/lahora.mx\/index.php\/wp-json\/wp\/v2\/comments?post=28151"}],"version-history":[{"count":1,"href":"https:\/\/lahora.mx\/index.php\/wp-json\/wp\/v2\/posts\/28151\/revisions"}],"predecessor-version":[{"id":28153,"href":"https:\/\/lahora.mx\/index.php\/wp-json\/wp\/v2\/posts\/28151\/revisions\/28153"}],"wp:featuredmedia":[{"embeddable":true,"href":"https:\/\/lahora.mx\/index.php\/wp-json\/wp\/v2\/media\/28152"}],"wp:attachment":[{"href":"https:\/\/lahora.mx\/index.php\/wp-json\/wp\/v2\/media?parent=28151"}],"wp:term":[{"taxonomy":"category","embeddable":true,"href":"https:\/\/lahora.mx\/index.php\/wp-json\/wp\/v2\/categories?post=28151"},{"taxonomy":"post_tag","embeddable":true,"href":"https:\/\/lahora.mx\/index.php\/wp-json\/wp\/v2\/tags?post=28151"}],"curies":[{"name":"wp","href":"https:\/\/api.w.org\/{rel}","templated":true}]}}