{"id":28138,"date":"2023-06-16T22:39:44","date_gmt":"2023-06-16T22:39:44","guid":{"rendered":"http:\/\/lahora.mx\/?p=28138"},"modified":"2023-06-16T22:39:44","modified_gmt":"2023-06-16T22:39:44","slug":"marko-cortes-busca-sumar-a-movimiento-ciudadano-a-alianza-va-por-mexico","status":"publish","type":"post","link":"https:\/\/lahora.mx\/index.php\/2023\/06\/16\/marko-cortes-busca-sumar-a-movimiento-ciudadano-a-alianza-va-por-mexico\/","title":{"rendered":"Marko Cort\u00e9s busca sumar a Movimiento Ciudadano a alianza Va por M\u00e9xico"},"content":{"rendered":"\n<p>Para crear \u00abun bloque m\u00e1s fuerte para derrotar a Morena\u00bb en las elecciones 2024, el dirigente nacional del Partido Acci\u00f3n Nacional (PAN), Marko Cort\u00e9s Mendoza, buscar\u00e1 una reuni\u00f3n con el dirigente de Movimiento Ciudadano (MC), Dante Delgado Rannauro.<\/p>\n\n\n\n<p>En caso de que el partido naranja se sume al grupo opositor PAN-PRI-PRD, la decisi\u00f3n podr\u00eda repercutir en Puebla, en donde hasta el momento, el l\u00edder local, Fernando Morales Mart\u00ednez, no ha descartado la posibilidad de acompa\u00f1arlos en el pr\u00f3ximo proceso electoral.<br>En entrevista para medios de comunicaci\u00f3n de Chihuahua, Marko Cort\u00e9s confirm\u00f3 que el encuentro ser\u00e1 en los pr\u00f3ximos d\u00edas, pues ya hab\u00eda acordado reunirse despu\u00e9s de la elecci\u00f3n del 4 de junio, votaci\u00f3n en la que \u201cVa por M\u00e9xico\u201d perdi\u00f3 la gubernatura del Estado de M\u00e9xico.<\/p>\n\n\n\n<p>Agreg\u00f3 que como dirigentes, tienen que hacer un an\u00e1lisis a profundidad sobre el panorama actual del pa\u00eds, por lo que le pidi\u00f3 a Dante Delgado \u201cser objetivos\u201d, pues MC no podr\u00e1 ganar en solitario la presidencia de la Rep\u00fablica.<br>Hace unos d\u00edas, Dante Delgado insisti\u00f3 en que su partido no se unir\u00e1 a la alianza \u201cVa por M\u00e9xico\u201d, en especial por las diferencias que ha tenido con el presidente nacional del PRI, Alejandro \u201cAlito\u201d Moreno C\u00e1rdenas.<\/p>\n\n\n\n<p>En Puebla, los dirigentes de la alianza PAN-PRI-PRD, Augusta Valentina D\u00edaz de Rivera Hern\u00e1ndez, N\u00e9stor Camarillo Medina y Carlos Mart\u00ednez Amador, ya iniciaron los trabajos para definir las candidaturas que impulsar\u00e1n entre el electorado.<\/p>\n\n\n\n<p>El m\u00e9todo de selecci\u00f3n ser\u00eda a trav\u00e9s de encuestas para garantizar la equidad en la contienda y tendr\u00e1n apertura a perfiles ciudadanos que puedan representar los principios que tienen en com\u00fan, seg\u00fan inform\u00f3 Augusta D\u00edaz de Rivera.<\/p>\n","protected":false},"excerpt":{"rendered":"<p>Para crear \u00abun bloque m\u00e1s fuerte para derrotar a Morena\u00bb en las elecciones 2024, el dirigente nacional del Partido Acci\u00f3n Nacional (PAN), Marko Cort\u00e9s Mendoza, buscar\u00e1 una reuni\u00f3n con el dirigente de Movimiento Ciudadano (MC), Dante Delgado Rannauro. En caso de que el partido naranja se sume al grupo opositor PAN-PRI-PRD, la decisi\u00f3n podr\u00eda repercutir [&hellip;]<\/p>\n","protected":false},"author":4,"featured_media":28139,"comment_status":"open","ping_status":"open","sticky":false,"template":"","format":"standard","meta":{"om_disable_all_campaigns":false,"_monsterinsights_skip_tracking":false,"_monsterinsights_sitenote_active":false,"_monsterinsights_sitenote_note":"","_monsterinsights_sitenote_category":0,"footnotes":""},"categories":[175],"tags":[223],"class_list":["post-28138","post","type-post","status-publish","format-standard","has-post-thumbnail","hentry","category-local","tag-puebla"],"amp_enabled":true,"_links":{"self":[{"href":"https:\/\/lahora.mx\/index.php\/wp-json\/wp\/v2\/posts\/28138","targetHints":{"allow":["GET"]}}],"collection":[{"href":"https:\/\/lahora.mx\/index.php\/wp-json\/wp\/v2\/posts"}],"about":[{"href":"https:\/\/lahora.mx\/index.php\/wp-json\/wp\/v2\/types\/post"}],"author":[{"embeddable":true,"href":"https:\/\/lahora.mx\/index.php\/wp-json\/wp\/v2\/users\/4"}],"replies":[{"embeddable":true,"href":"https:\/\/lahora.mx\/index.php\/wp-json\/wp\/v2\/comments?post=28138"}],"version-history":[{"count":1,"href":"https:\/\/lahora.mx\/index.php\/wp-json\/wp\/v2\/posts\/28138\/revisions"}],"predecessor-version":[{"id":28140,"href":"https:\/\/lahora.mx\/index.php\/wp-json\/wp\/v2\/posts\/28138\/revisions\/28140"}],"wp:featuredmedia":[{"embeddable":true,"href":"https:\/\/lahora.mx\/index.php\/wp-json\/wp\/v2\/media\/28139"}],"wp:attachment":[{"href":"https:\/\/lahora.mx\/index.php\/wp-json\/wp\/v2\/media?parent=28138"}],"wp:term":[{"taxonomy":"category","embeddable":true,"href":"https:\/\/lahora.mx\/index.php\/wp-json\/wp\/v2\/categories?post=28138"},{"taxonomy":"post_tag","embeddable":true,"href":"https:\/\/lahora.mx\/index.php\/wp-json\/wp\/v2\/tags?post=28138"}],"curies":[{"name":"wp","href":"https:\/\/api.w.org\/{rel}","templated":true}]}}