{"id":28125,"date":"2023-06-16T19:39:51","date_gmt":"2023-06-16T19:39:51","guid":{"rendered":"http:\/\/lahora.mx\/?p=28125"},"modified":"2023-06-16T19:40:24","modified_gmt":"2023-06-16T19:40:24","slug":"juan-pablo-cisneros-llama-a-unidad-entre-ip-y-gobierno","status":"publish","type":"post","link":"https:\/\/lahora.mx\/index.php\/2023\/06\/16\/juan-pablo-cisneros-llama-a-unidad-entre-ip-y-gobierno\/","title":{"rendered":"Juan Pablo Cisneros, llama a unidad entre IP y gobierno"},"content":{"rendered":"\n<p>Puebla vive tiempos que requieren de unidad y el esfuerzo de la sociedad, la Iniciativa Privada y el gobierno para afrontar los retos del futuro, se\u00f1al\u00f3 el nuevo presidente de la C\u00e1mara Nacional de Comercio (Canaco), cap\u00edtulo Puebla, Juan Pablo Cisneros Madrid.<\/p>\n\n\n\n<p>Lo anterior lo dijo en su mensaje tras rendir protesta como presidente del Consejo Directivo de la Canaco del periodo 2023 -2025. Precis\u00f3 que est\u00e1 c\u00e1mara es la m\u00e1s importante de Puebla debido a que concentra m\u00e1s de 170 mil negocios y aporta el 42 por ciento del Producto Interno Bruto (PIB) en el estado.<\/p>\n\n\n\n<p>Cisnero Madrid pidi\u00f3 a las autoridades gubernamentales garantizar las condiciones m\u00ednimas para hacer negocios, combatir la inseguridad, la corrupci\u00f3n y el comercio informal, as\u00ed como trabajar en la mejora regulatoria.<\/p>\n\n\n\n<p>Cisneros Madrid asever\u00f3 que \u201cjuntos somos m\u00e1s fuertes\u201d y es momento que los comerciantes se capaciten para evitar que las nuevas tecnolog\u00edas terminen por ocasionar el cierre de empresas en Puebla.<\/p>\n\n\n\n<p>El empresario invit\u00f3 a trabajar con unidad para mejorar a la sociedad y sacar adelante a Puebla tras las afectaciones econ\u00f3micas provocadas por la pandemia de covid-19 y lograr que exista un entorno favorable para tener una buena calidad de vida.<\/p>\n\n\n\n<p>\u00abOtro elemento que es importante considerar es el comercio como lo conocemos hoy el comercio tradicional ya que hoy dejar\u00e1 de existir en los pr\u00f3ximos a\u00f1os esto no lo dice la OCDE no se advierte que las micro-peque\u00f1as empresas tienen la m\u00e1s alta tasa de mortalidad en rangos del 21 al 23 por ciento y s\u00f3lo permanecer\u00e1n aquellos que se lanzaron al cambio y a las nuevas formas de comercio\u00bb, dijo<\/p>\n\n\n\n<p>En su intervenci\u00f3n, el gobernador del estado de Puebla, Sergio Salom\u00f3n C\u00e9spedes Peregrina, reconoci\u00f3 el trabajo realizado por su antecesor Marco Antonio Pr\u00f3speri, durante su gesti\u00f3n, y dese\u00f3 \u00e9xito a Juan Pablo Cisneros como nuevo presidente de Canaco.<\/p>\n\n\n\n<p>Refiri\u00f3 que su administraci\u00f3n est\u00e1 trabajando para garantizar la estabilidad en el estado combatiendo la inseguridad y generando condiciones para la atracci\u00f3n de nuevas inversiones y reinversiones.<\/p>\n\n\n\n<p>Asever\u00f3 que las puertas del gobierno de Puebla est\u00e1n abiertas y los empresarios tiene extendida la mano para trabajar juntos para hacer del estado un referente econ\u00f3mico en el pa\u00eds.<\/p>\n\n\n\n<p>En su momento, el edil de Puebla, Eduardo Rivera P\u00e9rez, asever\u00f3 que su administraci\u00f3n coadyuvara para que la Canaco siga fortaleci\u00e9ndose y representando dignamente al comercio establecido.<\/p>\n\n\n\n<p>Marco Antonio Prosperi Calder\u00f3n, presidente saliente Canaco dese\u00f3 el mayor de los \u00e9xitos a Juan Pablo Cisneros Madrid para el periodo 2023-2025. Reconoci\u00f3 el trabajo coordinado del comercio en Puebla para superar la pandemia de Covid-19 y afirm\u00f3 que a pesar de los cierres de empresas y la p\u00e9rdida de empleos alcanzaron la recuperaci\u00f3n de la econom\u00eda.<\/p>\n","protected":false},"excerpt":{"rendered":"<p>Puebla vive tiempos que requieren de unidad y el esfuerzo de la sociedad, la Iniciativa Privada y el gobierno para afrontar los retos del futuro, se\u00f1al\u00f3 el nuevo presidente de la C\u00e1mara Nacional de Comercio (Canaco), cap\u00edtulo Puebla, Juan Pablo Cisneros Madrid. Lo anterior lo dijo en su mensaje tras rendir protesta como presidente del [&hellip;]<\/p>\n","protected":false},"author":4,"featured_media":28126,"comment_status":"open","ping_status":"open","sticky":false,"template":"","format":"standard","meta":{"om_disable_all_campaigns":false,"_monsterinsights_skip_tracking":false,"_monsterinsights_sitenote_active":false,"_monsterinsights_sitenote_note":"","_monsterinsights_sitenote_category":0,"footnotes":""},"categories":[175],"tags":[],"class_list":["post-28125","post","type-post","status-publish","format-standard","has-post-thumbnail","hentry","category-local"],"amp_enabled":true,"_links":{"self":[{"href":"https:\/\/lahora.mx\/index.php\/wp-json\/wp\/v2\/posts\/28125","targetHints":{"allow":["GET"]}}],"collection":[{"href":"https:\/\/lahora.mx\/index.php\/wp-json\/wp\/v2\/posts"}],"about":[{"href":"https:\/\/lahora.mx\/index.php\/wp-json\/wp\/v2\/types\/post"}],"author":[{"embeddable":true,"href":"https:\/\/lahora.mx\/index.php\/wp-json\/wp\/v2\/users\/4"}],"replies":[{"embeddable":true,"href":"https:\/\/lahora.mx\/index.php\/wp-json\/wp\/v2\/comments?post=28125"}],"version-history":[{"count":1,"href":"https:\/\/lahora.mx\/index.php\/wp-json\/wp\/v2\/posts\/28125\/revisions"}],"predecessor-version":[{"id":28127,"href":"https:\/\/lahora.mx\/index.php\/wp-json\/wp\/v2\/posts\/28125\/revisions\/28127"}],"wp:featuredmedia":[{"embeddable":true,"href":"https:\/\/lahora.mx\/index.php\/wp-json\/wp\/v2\/media\/28126"}],"wp:attachment":[{"href":"https:\/\/lahora.mx\/index.php\/wp-json\/wp\/v2\/media?parent=28125"}],"wp:term":[{"taxonomy":"category","embeddable":true,"href":"https:\/\/lahora.mx\/index.php\/wp-json\/wp\/v2\/categories?post=28125"},{"taxonomy":"post_tag","embeddable":true,"href":"https:\/\/lahora.mx\/index.php\/wp-json\/wp\/v2\/tags?post=28125"}],"curies":[{"name":"wp","href":"https:\/\/api.w.org\/{rel}","templated":true}]}}