{"id":28115,"date":"2023-06-16T02:03:56","date_gmt":"2023-06-16T02:03:56","guid":{"rendered":"http:\/\/lahora.mx\/?p=28115"},"modified":"2023-06-16T02:03:56","modified_gmt":"2023-06-16T02:03:56","slug":"inicia-yucatan-expone-en-puebla","status":"publish","type":"post","link":"https:\/\/lahora.mx\/index.php\/2023\/06\/16\/inicia-yucatan-expone-en-puebla\/","title":{"rendered":"Inicia Yucat\u00e1n expone en Puebla"},"content":{"rendered":"\n<p>iLleg\u00f3 a la angel\u00f3polis \u201cYucat\u00e1n Expone\u201d, un encuentro tur\u00edstico y gastron\u00f3mico que presenta la riqueza cultural y artesanal de la pen\u00ednsula, y que estar\u00e1 hasta el 18 junio en el Parque del Carmen de Puebla capital.<\/p>\n\n\n\n<p>La inauguraci\u00f3n estuvo a cargo de Mauricio Vila Dosal, Mandatario Estatal de Yucat\u00e1n, Sergio Salom\u00f3n C\u00e9spedes Peregrina y Eduardo Rivera P\u00e9rez, Gobernador del Estado y Presidente Municipal de Puebla, respectivamente.<\/p>\n\n\n\n<p>Con el inicio de esta muestra itinerante, C\u00e9spedes Peregrina celebr\u00f3 que Puebla capital sea sede de un encuentro \u00abque nos permite conocer la grandeza de otras latitudes y descubrir la riqueza cultural de nuestra gente, porque todos somos M\u00e9xico\u00bb, por lo que invit\u00f3 a la ciudadan\u00eda a adentrarse en el folclore yucateco a trav\u00e9s de esta Expo.<\/p>\n\n\n\n<p>Ser\u00e1n as\u00ed 50 puntos de venta donde 84 productores yucatecos ofrecer\u00e1n una gran gama de art\u00edculos artesanales, como las tradicionales guayaberas, hamacas, calzado, joyer\u00eda, alimentos enlatados, botanas, licores y mucho m\u00e1s; todo en un horario de 11:00 a 21:00 horas con acceso gratuito para las familias poblanas y visitantes.<\/p>\n\n\n\n<p>Fue gracias a la cooperaci\u00f3n del Ayuntamiento de Puebla que Yucat\u00e1n obtuvo todas las facilidades para llegar al Parque del Carmen, lo que para Vila Dosal tiene un gran valor de promoci\u00f3n cultural, ya que permitir\u00e1 a la comunidad artesanal de 11 municipios de su entidad \u00abllevar un pedacito de su trabajo a otro lugar del pa\u00eds\u00bb, para que Puebla viva una fiesta gastron\u00f3mica y art\u00edstica al estilo de la pen\u00ednsula.<\/p>\n\n\n\n<p>Con la visita del Estado de Yucat\u00e1n a Puebla capital, Rivera P\u00e9rez celebr\u00f3 nazca un hermanamiento que permite la promoci\u00f3n bilateral de la cultura, costumbres y tradiciones, as\u00ed como una oportunidad de intercambio comercial y tur\u00edstico con el sur del pa\u00eds, por el Buen Rumbo econ\u00f3mico de ambos territorios.<\/p>\n\n\n\n<p>Durante la muestra \u201cYucat\u00e1n Expone\u201d, habr\u00e1 presentaciones art\u00edsticas de ballet folcl\u00f3rico y musicales de trova los cuatro d\u00edas en los que la pen\u00ednsula engalana a la capital con su presencia, por lo que este encuentro se convierte en un punto de reuni\u00f3n para las familias poblanas en el fin de semana que se festeja el D\u00eda del Padre.<\/p>\n\n\n\n<p>A la inauguraci\u00f3n de \u00abYucat\u00e1n Expone\u00bb tambi\u00e9n asisti\u00f3 Nadia Navarro Acevedo, Senadora de la Rep\u00fablica; Olivia Salom\u00f3n, Secretaria de Econom\u00eda del Estado; Gerardo D\u00edaz de Zavala, Subsecretario de Inversi\u00f3n, Desarrollo Econ\u00f3mico y Financiamiento de Yucat\u00e1n; Alejandro Ca\u00f1edo Priesca, Secretario de Econom\u00eda y Turismo; as\u00ed como representantes de C\u00e1maras Empresariales de ambos territorios.<\/p>\n","protected":false},"excerpt":{"rendered":"<p>iLleg\u00f3 a la angel\u00f3polis \u201cYucat\u00e1n Expone\u201d, un encuentro tur\u00edstico y gastron\u00f3mico que presenta la riqueza cultural y artesanal de la pen\u00ednsula, y que estar\u00e1 hasta el 18 junio en el Parque del Carmen de Puebla capital. La inauguraci\u00f3n estuvo a cargo de Mauricio Vila Dosal, Mandatario Estatal de Yucat\u00e1n, Sergio Salom\u00f3n C\u00e9spedes Peregrina y Eduardo [&hellip;]<\/p>\n","protected":false},"author":4,"featured_media":28116,"comment_status":"open","ping_status":"open","sticky":false,"template":"","format":"standard","meta":{"om_disable_all_campaigns":false,"_monsterinsights_skip_tracking":false,"_monsterinsights_sitenote_active":false,"_monsterinsights_sitenote_note":"","_monsterinsights_sitenote_category":0,"footnotes":""},"categories":[175],"tags":[223],"class_list":["post-28115","post","type-post","status-publish","format-standard","has-post-thumbnail","hentry","category-local","tag-puebla"],"amp_enabled":true,"_links":{"self":[{"href":"https:\/\/lahora.mx\/index.php\/wp-json\/wp\/v2\/posts\/28115","targetHints":{"allow":["GET"]}}],"collection":[{"href":"https:\/\/lahora.mx\/index.php\/wp-json\/wp\/v2\/posts"}],"about":[{"href":"https:\/\/lahora.mx\/index.php\/wp-json\/wp\/v2\/types\/post"}],"author":[{"embeddable":true,"href":"https:\/\/lahora.mx\/index.php\/wp-json\/wp\/v2\/users\/4"}],"replies":[{"embeddable":true,"href":"https:\/\/lahora.mx\/index.php\/wp-json\/wp\/v2\/comments?post=28115"}],"version-history":[{"count":1,"href":"https:\/\/lahora.mx\/index.php\/wp-json\/wp\/v2\/posts\/28115\/revisions"}],"predecessor-version":[{"id":28117,"href":"https:\/\/lahora.mx\/index.php\/wp-json\/wp\/v2\/posts\/28115\/revisions\/28117"}],"wp:featuredmedia":[{"embeddable":true,"href":"https:\/\/lahora.mx\/index.php\/wp-json\/wp\/v2\/media\/28116"}],"wp:attachment":[{"href":"https:\/\/lahora.mx\/index.php\/wp-json\/wp\/v2\/media?parent=28115"}],"wp:term":[{"taxonomy":"category","embeddable":true,"href":"https:\/\/lahora.mx\/index.php\/wp-json\/wp\/v2\/categories?post=28115"},{"taxonomy":"post_tag","embeddable":true,"href":"https:\/\/lahora.mx\/index.php\/wp-json\/wp\/v2\/tags?post=28115"}],"curies":[{"name":"wp","href":"https:\/\/api.w.org\/{rel}","templated":true}]}}