{"id":28109,"date":"2023-06-16T01:33:22","date_gmt":"2023-06-16T01:33:22","guid":{"rendered":"http:\/\/lahora.mx\/?p=28109"},"modified":"2023-06-16T01:33:23","modified_gmt":"2023-06-16T01:33:23","slug":"el-gobernador-cespedes-pide-no-comprar-hidrocarburos-ilegales","status":"publish","type":"post","link":"https:\/\/lahora.mx\/index.php\/2023\/06\/16\/el-gobernador-cespedes-pide-no-comprar-hidrocarburos-ilegales\/","title":{"rendered":"El gobernador C\u00e9spedes pide no comprar hidrocarburos ilegales"},"content":{"rendered":"\n<p>Luego de la declaraci\u00f3n del presidente de M\u00e9xico, Andr\u00e9s Manuel L\u00f3pez Obrador, de que Puebla es el estado con la mayor cantidad de tomas clandestinas de gas LP y gasolina, y calificar esto como un problema a nivel nacional, el gobernador Sergio Salom\u00f3n C\u00e9spedes Peregrina asegur\u00f3 que se reforzar\u00e1 la seguridad con los tres \u00f3rdenes de gobierno e hizo un llamado a los ciudadanos a no comprar estos hidrocarburos de dudosa procedencia o ilegal.<\/p>\n\n\n\n<p>En entrevista, C\u00e9spedes Peregrina reconoci\u00f3 que es un problema que se vive en el estado, por ello con la federaci\u00f3n reforzar\u00e1n estas estrategias de seguridad abonando en lo que le corresponde a cada nivel de gobierno a fin de proteger a los ciudadanos.<br>\u00abEl llamado a la ciudadan\u00eda es que no se consuma este tipo de producto porque se sigue consumiendo, pues seguimos abonando a que haya demanda no tenemos que hacer un equipo entre todos, el gobierno federal lo est\u00e1 haciendo, el gobierno estatal est\u00e1 apoyando los gobiernos municipales est\u00e1n involucrados y busquemos que con este tema d\u00eda a d\u00eda se vaya bajando\u00bb, dijo.<\/p>\n\n\n\n<p>El mandatario estatal consider\u00f3 se debe generar m\u00e1s conciencia sobre este acto ilegal<br>Cabe recordar que, en su conferencia matutina, L\u00f3pez Obrador L\u00f3pez Obrador reconoci\u00f3 que Puebla tiene un problema respecto al robo de huachicol y gas, por lo que exhort\u00f3 a los jueces a considerar el robo de combustible como delito grave. Por ello, el gobernador C\u00e9spedes pide no comprar hidrocarburos ilegales.<\/p>\n","protected":false},"excerpt":{"rendered":"<p>Luego de la declaraci\u00f3n del presidente de M\u00e9xico, Andr\u00e9s Manuel L\u00f3pez Obrador, de que Puebla es el estado con la mayor cantidad de tomas clandestinas de gas LP y gasolina, y calificar esto como un problema a nivel nacional, el gobernador Sergio Salom\u00f3n C\u00e9spedes Peregrina asegur\u00f3 que se reforzar\u00e1 la seguridad con los tres \u00f3rdenes [&hellip;]<\/p>\n","protected":false},"author":4,"featured_media":28110,"comment_status":"open","ping_status":"open","sticky":false,"template":"","format":"standard","meta":{"om_disable_all_campaigns":false,"_monsterinsights_skip_tracking":false,"_monsterinsights_sitenote_active":false,"_monsterinsights_sitenote_note":"","_monsterinsights_sitenote_category":0,"footnotes":""},"categories":[175],"tags":[223],"class_list":["post-28109","post","type-post","status-publish","format-standard","has-post-thumbnail","hentry","category-local","tag-puebla"],"amp_enabled":true,"_links":{"self":[{"href":"https:\/\/lahora.mx\/index.php\/wp-json\/wp\/v2\/posts\/28109","targetHints":{"allow":["GET"]}}],"collection":[{"href":"https:\/\/lahora.mx\/index.php\/wp-json\/wp\/v2\/posts"}],"about":[{"href":"https:\/\/lahora.mx\/index.php\/wp-json\/wp\/v2\/types\/post"}],"author":[{"embeddable":true,"href":"https:\/\/lahora.mx\/index.php\/wp-json\/wp\/v2\/users\/4"}],"replies":[{"embeddable":true,"href":"https:\/\/lahora.mx\/index.php\/wp-json\/wp\/v2\/comments?post=28109"}],"version-history":[{"count":1,"href":"https:\/\/lahora.mx\/index.php\/wp-json\/wp\/v2\/posts\/28109\/revisions"}],"predecessor-version":[{"id":28111,"href":"https:\/\/lahora.mx\/index.php\/wp-json\/wp\/v2\/posts\/28109\/revisions\/28111"}],"wp:featuredmedia":[{"embeddable":true,"href":"https:\/\/lahora.mx\/index.php\/wp-json\/wp\/v2\/media\/28110"}],"wp:attachment":[{"href":"https:\/\/lahora.mx\/index.php\/wp-json\/wp\/v2\/media?parent=28109"}],"wp:term":[{"taxonomy":"category","embeddable":true,"href":"https:\/\/lahora.mx\/index.php\/wp-json\/wp\/v2\/categories?post=28109"},{"taxonomy":"post_tag","embeddable":true,"href":"https:\/\/lahora.mx\/index.php\/wp-json\/wp\/v2\/tags?post=28109"}],"curies":[{"name":"wp","href":"https:\/\/api.w.org\/{rel}","templated":true}]}}