{"id":28106,"date":"2023-06-16T01:07:54","date_gmt":"2023-06-16T01:07:54","guid":{"rendered":"http:\/\/lahora.mx\/?p=28106"},"modified":"2023-06-16T01:07:54","modified_gmt":"2023-06-16T01:07:54","slug":"trasladan-al-exedil-felipe-patjane-del-penal-de-tepexi-al-de-tehuacan","status":"publish","type":"post","link":"https:\/\/lahora.mx\/index.php\/2023\/06\/16\/trasladan-al-exedil-felipe-patjane-del-penal-de-tepexi-al-de-tehuacan\/","title":{"rendered":"Trasladan al exedil Felipe Patjane del penal de Tepexi al de Tehuac\u00e1n"},"content":{"rendered":"\n<p>La noche de este mi\u00e9rcoles Felipe de Jes\u00fas Patjane Mart\u00ednez, expresidente municipal de Tehuac\u00e1n, fue trasladado del penal de Tepexi de Rodr\u00edguez al de Tehuac\u00e1n, donde continuar\u00e1 su proceso y s\u00f3lo ser\u00e1 trasladado para sus audiencias.<\/p>\n\n\n\n<p>Sergio Patjane Ceja, pap\u00e1 de Felipe, mencion\u00f3 que ya se hab\u00edan realizado peticiones para que el expresidente fuera regresado a Tehuac\u00e1n, lo que se concret\u00f3 esta semana. Asimismo, se\u00f1al\u00f3 que tambi\u00e9n tuvieron un acercamiento con el gobernador de Puebla, Sergio Salom\u00f3n C\u00e9spedes Peregrina, durante su \u00faltima visita al municipio.<\/p>\n\n\n\n<p>Inform\u00f3 que Felipe continuar\u00e1 recluido pero a\u00fan no cuenta con sentencia, y aunque se dijo que su condena era de 6 a\u00f1os y 3 meses, esa informaci\u00f3n no fue ver\u00eddica. Adem\u00e1s, indic\u00f3 que en las carpetas integradas contra su hijo se han detectado anomal\u00edas, las cuales se han hecho saber a la autoridad.<\/p>\n\n\n\n<p>Extern\u00f3 que ya tuvo contacto con Patjane Mart\u00ednez y se encuentra bien de salud, f\u00edsica y emocionalmente, adem\u00e1s de que seguir este proceso para su familia es un alivio, pues ya no tienen que viajar dos horas hasta Tepexi de Rodr\u00edguez para poder verlo.<\/p>\n\n\n\n<p>Felipe de Jes\u00fas Patjane Mart\u00ednez fue detenido en noviembre de 2019 en el Aeropuerto Internacional de la Ciudad de M\u00e9xico, antes de abordar un avi\u00f3n, tras ser se\u00f1alado por abuso de autoridad, por lo que deber\u00e1 pagar una multa de 8.6 millones de pesos; sobre el exfuncionario pesa otro proceso penal por enriquecimiento il\u00edcito y uso il\u00edcito de facultades.<\/p>\n","protected":false},"excerpt":{"rendered":"<p>La noche de este mi\u00e9rcoles Felipe de Jes\u00fas Patjane Mart\u00ednez, expresidente municipal de Tehuac\u00e1n, fue trasladado del penal de Tepexi de Rodr\u00edguez al de Tehuac\u00e1n, donde continuar\u00e1 su proceso y s\u00f3lo ser\u00e1 trasladado para sus audiencias. Sergio Patjane Ceja, pap\u00e1 de Felipe, mencion\u00f3 que ya se hab\u00edan realizado peticiones para que el expresidente fuera regresado [&hellip;]<\/p>\n","protected":false},"author":4,"featured_media":28107,"comment_status":"open","ping_status":"open","sticky":false,"template":"","format":"standard","meta":{"om_disable_all_campaigns":false,"_monsterinsights_skip_tracking":false,"_monsterinsights_sitenote_active":false,"_monsterinsights_sitenote_note":"","_monsterinsights_sitenote_category":0,"footnotes":""},"categories":[175],"tags":[223],"class_list":["post-28106","post","type-post","status-publish","format-standard","has-post-thumbnail","hentry","category-local","tag-puebla"],"amp_enabled":true,"_links":{"self":[{"href":"https:\/\/lahora.mx\/index.php\/wp-json\/wp\/v2\/posts\/28106","targetHints":{"allow":["GET"]}}],"collection":[{"href":"https:\/\/lahora.mx\/index.php\/wp-json\/wp\/v2\/posts"}],"about":[{"href":"https:\/\/lahora.mx\/index.php\/wp-json\/wp\/v2\/types\/post"}],"author":[{"embeddable":true,"href":"https:\/\/lahora.mx\/index.php\/wp-json\/wp\/v2\/users\/4"}],"replies":[{"embeddable":true,"href":"https:\/\/lahora.mx\/index.php\/wp-json\/wp\/v2\/comments?post=28106"}],"version-history":[{"count":1,"href":"https:\/\/lahora.mx\/index.php\/wp-json\/wp\/v2\/posts\/28106\/revisions"}],"predecessor-version":[{"id":28108,"href":"https:\/\/lahora.mx\/index.php\/wp-json\/wp\/v2\/posts\/28106\/revisions\/28108"}],"wp:featuredmedia":[{"embeddable":true,"href":"https:\/\/lahora.mx\/index.php\/wp-json\/wp\/v2\/media\/28107"}],"wp:attachment":[{"href":"https:\/\/lahora.mx\/index.php\/wp-json\/wp\/v2\/media?parent=28106"}],"wp:term":[{"taxonomy":"category","embeddable":true,"href":"https:\/\/lahora.mx\/index.php\/wp-json\/wp\/v2\/categories?post=28106"},{"taxonomy":"post_tag","embeddable":true,"href":"https:\/\/lahora.mx\/index.php\/wp-json\/wp\/v2\/tags?post=28106"}],"curies":[{"name":"wp","href":"https:\/\/api.w.org\/{rel}","templated":true}]}}