{"id":28103,"date":"2023-06-16T00:51:25","date_gmt":"2023-06-16T00:51:25","guid":{"rendered":"http:\/\/lahora.mx\/?p=28103"},"modified":"2023-06-16T00:51:25","modified_gmt":"2023-06-16T00:51:25","slug":"gobernador-cespedes-llama-a-judicatura-a-revisar-caso-arturo-castagne","status":"publish","type":"post","link":"https:\/\/lahora.mx\/index.php\/2023\/06\/16\/gobernador-cespedes-llama-a-judicatura-a-revisar-caso-arturo-castagne\/","title":{"rendered":"Gobernador C\u00e9spedes llama a Judicatura a revisar caso Arturo Castagn\u00e9"},"content":{"rendered":"\n<p>Tras la indignaci\u00f3n de Arturo Castagn\u00e9 Couturier por la sentencia al asesino material de su hijo Arturo Castagn\u00e9 Thomas, quien fue asaltado y privado de la vida en 2018, el gobernador de Puebla, Sergio Salom\u00f3n Cespedes, lament\u00f3 la situaci\u00f3n y dijo lo entiende como padre, adem\u00e1s de expresar su solidaridad.<\/p>\n\n\n\n<p>En entrevista, C\u00e9spedes Peregrina precis\u00f3 que hay una divisi\u00f3n de poderes, pero espera que el Consejo de la Judicatura del Poder Judicial revise si la sentencia de 35 a\u00f1os de c\u00e1rcel contra el culpable, Gael N, se realiz\u00f3 apegada a derecho.<\/p>\n\n\n\n<p>\u00abLo entiendo como padre, lo comprendo y sin duda su posici\u00f3n es una posici\u00f3n que habla de lo que \u00e9l siente. Y bueno, tratar\u00edamos de comprender su posici\u00f3n, es muy dif\u00edcil. Sin embargo, es importante que se act\u00fae apegado conforme a derecho y por supuesto no debe quedar ning\u00fan <br>Cabe mencionar que el mi\u00e9rcoles 14 de junio, un juez del Poder Judicial determin\u00f3 la sanci\u00f3n contra Gael Garc\u00eda Castellano, el asesino del joven Arturo Castagn\u00e9 Thomas, por lo que le impuso una sentencia de 35 a\u00f1os de prisi\u00f3n.<\/p>\n\n\n\n<p>Asesinato a Arturo Castagn\u00e9 Thomas<br>En un asalto en 2018, Gael N le dispar\u00f3 a Arturo Castagn\u00e9 Thomas afuera del Hotel Camino Real de La Vista en Angel\u00f3polis para arrebatarle un reloj Rolex, el impacto por bala termin\u00f3 por arrebatarle la vida al hijo del empresario veracruzano.<\/p>\n\n\n\n<p>Al respecto, el empresario Arturo Castagn\u00e9 Couturier, padre de la v\u00edctima, consider\u00f3 m\u00ednima la sanci\u00f3n y despotric\u00f3 contra las autoridades poblanas. Adem\u00e1s, consider\u00f3 que sus cr\u00edticas hacia el gobierno de Andr\u00e9s Manuel L\u00f3pez Obrador y de Morena provocaron una sentencia menor a la esperada.<\/p>\n","protected":false},"excerpt":{"rendered":"<p>Tras la indignaci\u00f3n de Arturo Castagn\u00e9 Couturier por la sentencia al asesino material de su hijo Arturo Castagn\u00e9 Thomas, quien fue asaltado y privado de la vida en 2018, el gobernador de Puebla, Sergio Salom\u00f3n Cespedes, lament\u00f3 la situaci\u00f3n y dijo lo entiende como padre, adem\u00e1s de expresar su solidaridad. En entrevista, C\u00e9spedes Peregrina precis\u00f3 [&hellip;]<\/p>\n","protected":false},"author":4,"featured_media":28104,"comment_status":"open","ping_status":"open","sticky":false,"template":"","format":"standard","meta":{"om_disable_all_campaigns":false,"_monsterinsights_skip_tracking":false,"_monsterinsights_sitenote_active":false,"_monsterinsights_sitenote_note":"","_monsterinsights_sitenote_category":0,"footnotes":""},"categories":[175],"tags":[195,223],"class_list":["post-28103","post","type-post","status-publish","format-standard","has-post-thumbnail","hentry","category-local","tag-principal","tag-puebla"],"amp_enabled":true,"_links":{"self":[{"href":"https:\/\/lahora.mx\/index.php\/wp-json\/wp\/v2\/posts\/28103","targetHints":{"allow":["GET"]}}],"collection":[{"href":"https:\/\/lahora.mx\/index.php\/wp-json\/wp\/v2\/posts"}],"about":[{"href":"https:\/\/lahora.mx\/index.php\/wp-json\/wp\/v2\/types\/post"}],"author":[{"embeddable":true,"href":"https:\/\/lahora.mx\/index.php\/wp-json\/wp\/v2\/users\/4"}],"replies":[{"embeddable":true,"href":"https:\/\/lahora.mx\/index.php\/wp-json\/wp\/v2\/comments?post=28103"}],"version-history":[{"count":1,"href":"https:\/\/lahora.mx\/index.php\/wp-json\/wp\/v2\/posts\/28103\/revisions"}],"predecessor-version":[{"id":28105,"href":"https:\/\/lahora.mx\/index.php\/wp-json\/wp\/v2\/posts\/28103\/revisions\/28105"}],"wp:featuredmedia":[{"embeddable":true,"href":"https:\/\/lahora.mx\/index.php\/wp-json\/wp\/v2\/media\/28104"}],"wp:attachment":[{"href":"https:\/\/lahora.mx\/index.php\/wp-json\/wp\/v2\/media?parent=28103"}],"wp:term":[{"taxonomy":"category","embeddable":true,"href":"https:\/\/lahora.mx\/index.php\/wp-json\/wp\/v2\/categories?post=28103"},{"taxonomy":"post_tag","embeddable":true,"href":"https:\/\/lahora.mx\/index.php\/wp-json\/wp\/v2\/tags?post=28103"}],"curies":[{"name":"wp","href":"https:\/\/api.w.org\/{rel}","templated":true}]}}