{"id":28088,"date":"2023-06-15T18:15:41","date_gmt":"2023-06-15T18:15:41","guid":{"rendered":"http:\/\/lahora.mx\/?p=28088"},"modified":"2023-06-15T18:15:41","modified_gmt":"2023-06-15T18:15:41","slug":"dan-35-anos-de-carcel-a-homicida-de-arturo-castagne","status":"publish","type":"post","link":"https:\/\/lahora.mx\/index.php\/2023\/06\/15\/dan-35-anos-de-carcel-a-homicida-de-arturo-castagne\/","title":{"rendered":"Dan 35 a\u00f1os de c\u00e1rcel a homicida de Arturo Castagn\u00e9"},"content":{"rendered":"\n<p>S\u00f3lo 35 a\u00f1os pasar\u00e1 en prisi\u00f3n Gael Garc\u00eda Castellano, autor material del asesinato de Arturo Castagn\u00e9 Thomas, quien el 5 de agosto de 2018 fue asesinado y despojado de un reloj tipo Rolex, afuera del Hotel Camino Real en la V\u00eda Atlixc\u00e1yotl. Arturo Castagn\u00e9 Couturier, empresario veracruzano y padre de la v\u00edctima se dijo decepcionado y desilusionado de la justicia en M\u00e9xico.<\/p>\n\n\n\n<p>Despu\u00e9s de que en d\u00edas anteriores fue hallado culpable, este 14 de junio Gael fue presentado nuevamente en el Centro de Justicia Penal de Puebla para la sentencia por el delito de homicidio y robo agravado.<br>Los tres jueces que conformaron el Tribunal de Enjuiciamiento llegaron a la conclusi\u00f3n de que el autor material del crimen era merecedor a una pena total de 35 a\u00f1os.<\/p>\n\n\n\n<p>Adem\u00e1s se orden\u00f3 el pago de 8 mil 837 pesos por gastos funerarios, m\u00e1s 403 mil por la reparaci\u00f3n material por el delito de homicidio calificado; as\u00ed como 80 mil 600 pesos por concepto de indemnizaci\u00f3n moral, y 102 mil 491.95 pesos por da\u00f1o material por el delito de robo.<\/p>\n\n\n\n<p>Al respecto, Arturo Castagn\u00e9 Thomas se mostr\u00f3 molesto por esta sentencia y dijo que adem\u00e1s de ser un d\u00eda triste para \u00e9l por no lograr hacerle justicia a su hijo, perdi\u00f3 toda esperanza en las autoridades.<\/p>\n\n\n\n<p>\u201cEstoy totalmente decepcionado, incr\u00e9dulo de la sentencia dictada por el @PodJudPuebla , la esperanza de justicia que ten\u00eda en nuestra pa\u00eds hoy fue borrada, de una pena solicitada por homicidio de 50 a\u00f1os y por robo agravado de 12 a\u00f1os, total 62 a\u00f1os, \u00fanicamente le dictaron a Gael 35 a\u00f1os en total, es de llamar mi atenci\u00f3n que un medio de comunicaci\u00f3n local de Puebla supiera la sentencia antes que los jueces la dictaran en mi presencia como lo demuestro con el texto que anexo aqu\u00ed abajo, hoy perd\u00ed toda esperanza de justicia, que poco val\u00eda la vida de mi hijo para las tres juezas de quien dependi\u00f3 el juicio, sin duda un d\u00eda muy triste para mi y mi familia\u201d, extern\u00f3 en un tuit.<\/p>\n\n\n\n<p>El empresario tambi\u00e9n arrob\u00f3 al gobernador Sergio Salom\u00f3n C\u00e9spedes Peregrina haci\u00e9ndole saber que en Puebla no existe la justicia.<\/p>\n\n\n\n<p>\u201cGobernador @SergioSalomonC muy triste la resoluci\u00f3n en la sentencia del actor material en la muerte de mi hijo Artur\u00edn, no existe justicia en su estado, deseo no sea una venganza pol\u00edtica en mi contra por no estar de acuerdo con la 4T y su partido pol\u00edtico MORENA\u201d, reclam\u00f3 el padre de la v\u00edctima.<\/p>\n\n\n\n<p>Es de recordar que Arturo Castagn\u00e9, de entonces 20 a\u00f1os de edad, fue ultimado de un impacto de bala por parte de Gael N, quien resid\u00eda en Tepito, en la Ciudad de M\u00e9xico; mientras que Luis Javier N., originario de Zapopan, Jalisco, condujo la unidad en la que llegaron y huyeron despu\u00e9s de cometer los hechos el 5 de agosto de 2018 afuera del Hotel Camino Real en la V\u00eda Atlixc\u00e1yotl, donde los dos acusados le robaron un reloj tipo Rolex a su v\u00edctima.<\/p>\n\n\n\n<p>Luis Javier N fue detenido y sentenciado a 27 a\u00f1os y 6 meses de prisi\u00f3n, as\u00ed como 1 a\u00f1o 3 meses m\u00e1s por el delito de robo agravado, adem\u00e1s del pago por da\u00f1o moral y econ\u00f3mico. Tiempo despu\u00e9s fue asegurado Gael, a quien dieron 35 a\u00f1os de c\u00e1rcel por homicidio de Arturo Castagn\u00e9.<\/p>\n","protected":false},"excerpt":{"rendered":"<p>S\u00f3lo 35 a\u00f1os pasar\u00e1 en prisi\u00f3n Gael Garc\u00eda Castellano, autor material del asesinato de Arturo Castagn\u00e9 Thomas, quien el 5 de agosto de 2018 fue asesinado y despojado de un reloj tipo Rolex, afuera del Hotel Camino Real en la V\u00eda Atlixc\u00e1yotl. Arturo Castagn\u00e9 Couturier, empresario veracruzano y padre de la v\u00edctima se dijo decepcionado [&hellip;]<\/p>\n","protected":false},"author":4,"featured_media":28089,"comment_status":"open","ping_status":"open","sticky":false,"template":"","format":"standard","meta":{"om_disable_all_campaigns":false,"_monsterinsights_skip_tracking":false,"_monsterinsights_sitenote_active":false,"_monsterinsights_sitenote_note":"","_monsterinsights_sitenote_category":0,"footnotes":""},"categories":[175,226],"tags":[223],"class_list":["post-28088","post","type-post","status-publish","format-standard","has-post-thumbnail","hentry","category-local","category-policia","tag-puebla"],"amp_enabled":true,"_links":{"self":[{"href":"https:\/\/lahora.mx\/index.php\/wp-json\/wp\/v2\/posts\/28088","targetHints":{"allow":["GET"]}}],"collection":[{"href":"https:\/\/lahora.mx\/index.php\/wp-json\/wp\/v2\/posts"}],"about":[{"href":"https:\/\/lahora.mx\/index.php\/wp-json\/wp\/v2\/types\/post"}],"author":[{"embeddable":true,"href":"https:\/\/lahora.mx\/index.php\/wp-json\/wp\/v2\/users\/4"}],"replies":[{"embeddable":true,"href":"https:\/\/lahora.mx\/index.php\/wp-json\/wp\/v2\/comments?post=28088"}],"version-history":[{"count":1,"href":"https:\/\/lahora.mx\/index.php\/wp-json\/wp\/v2\/posts\/28088\/revisions"}],"predecessor-version":[{"id":28090,"href":"https:\/\/lahora.mx\/index.php\/wp-json\/wp\/v2\/posts\/28088\/revisions\/28090"}],"wp:featuredmedia":[{"embeddable":true,"href":"https:\/\/lahora.mx\/index.php\/wp-json\/wp\/v2\/media\/28089"}],"wp:attachment":[{"href":"https:\/\/lahora.mx\/index.php\/wp-json\/wp\/v2\/media?parent=28088"}],"wp:term":[{"taxonomy":"category","embeddable":true,"href":"https:\/\/lahora.mx\/index.php\/wp-json\/wp\/v2\/categories?post=28088"},{"taxonomy":"post_tag","embeddable":true,"href":"https:\/\/lahora.mx\/index.php\/wp-json\/wp\/v2\/tags?post=28088"}],"curies":[{"name":"wp","href":"https:\/\/api.w.org\/{rel}","templated":true}]}}