{"id":28085,"date":"2023-06-15T18:13:57","date_gmt":"2023-06-15T18:13:57","guid":{"rendered":"http:\/\/lahora.mx\/?p=28085"},"modified":"2023-06-15T18:13:57","modified_gmt":"2023-06-15T18:13:57","slug":"nuevamente-activo-don-goyo-arroja-material-incandescente","status":"publish","type":"post","link":"https:\/\/lahora.mx\/index.php\/2023\/06\/15\/nuevamente-activo-don-goyo-arroja-material-incandescente\/","title":{"rendered":"Nuevamente activo, don Goyo arroja material incandescente"},"content":{"rendered":"\n<p>Don Goyo despert\u00f3 de mal humor! El volc\u00e1n Popocat\u00e9petl hoy arroj\u00f3 material incandescente alrededor de las 04:30 horas, por lo que la actividad del coloso estuvo acompa\u00f1ada de gases y un periodo de tremor moderado, as\u00ed lo inform\u00f3 Protecci\u00f3n Civil Municipal de Puebla (PC).<\/p>\n\n\n\n<p>El momento en el que el Popocat\u00e9petl arroj\u00f3 material incandescente alrededor del cr\u00e1ter fue capturado por las c\u00e1maras del Centro Nacional de Prevenci\u00f3n de Desastres (Cenapred) que monitorean a Don Goyo en Tlamacas, municipio del Estado de M\u00e9xico.<\/p>\n\n\n\n<p>El Sem\u00e1foro de Alerta Volc\u00e1nica contin\u00faa en Amarillo Fase 2 y se espera que en las pr\u00f3ximas horas la ceniza del Popocat\u00e9petl se dirija a Cuernavaca, Morelos; Estado de M\u00e9xico y al Valle de Atlixco-Matamoros, en Puebla.<\/p>\n\n\n\n<p>Protecci\u00f3n Civil de Puebla (PC) alert\u00f3 a la poblaci\u00f3n a no acercarse al volc\u00e1n Popocat\u00e9petl para evitar alg\u00fan accidente que pueda poner en riesgo y respetar el radio de exclusi\u00f3n de 12 kil\u00f3metros alrededor del coloso.<\/p>\n\n\n\n<p>El Popocat\u00e9petl hoy arroj\u00f3 material incandescente alrededor del cr\u00e1ter y Protecci\u00f3n Civil de Puebla record\u00f3 a la ciudadan\u00eda no hacer caso de los rumores sobre la actividad de Don Goyo y mantenerse informada a trav\u00e9s de canales oficiales.<\/p>\n","protected":false},"excerpt":{"rendered":"<p>Don Goyo despert\u00f3 de mal humor! El volc\u00e1n Popocat\u00e9petl hoy arroj\u00f3 material incandescente alrededor de las 04:30 horas, por lo que la actividad del coloso estuvo acompa\u00f1ada de gases y un periodo de tremor moderado, as\u00ed lo inform\u00f3 Protecci\u00f3n Civil Municipal de Puebla (PC). El momento en el que el Popocat\u00e9petl arroj\u00f3 material incandescente alrededor [&hellip;]<\/p>\n","protected":false},"author":4,"featured_media":28086,"comment_status":"open","ping_status":"open","sticky":false,"template":"","format":"standard","meta":{"om_disable_all_campaigns":false,"_monsterinsights_skip_tracking":false,"_monsterinsights_sitenote_active":false,"_monsterinsights_sitenote_note":"","_monsterinsights_sitenote_category":0,"footnotes":""},"categories":[175],"tags":[195,223],"class_list":["post-28085","post","type-post","status-publish","format-standard","has-post-thumbnail","hentry","category-local","tag-principal","tag-puebla"],"amp_enabled":true,"_links":{"self":[{"href":"https:\/\/lahora.mx\/index.php\/wp-json\/wp\/v2\/posts\/28085","targetHints":{"allow":["GET"]}}],"collection":[{"href":"https:\/\/lahora.mx\/index.php\/wp-json\/wp\/v2\/posts"}],"about":[{"href":"https:\/\/lahora.mx\/index.php\/wp-json\/wp\/v2\/types\/post"}],"author":[{"embeddable":true,"href":"https:\/\/lahora.mx\/index.php\/wp-json\/wp\/v2\/users\/4"}],"replies":[{"embeddable":true,"href":"https:\/\/lahora.mx\/index.php\/wp-json\/wp\/v2\/comments?post=28085"}],"version-history":[{"count":1,"href":"https:\/\/lahora.mx\/index.php\/wp-json\/wp\/v2\/posts\/28085\/revisions"}],"predecessor-version":[{"id":28087,"href":"https:\/\/lahora.mx\/index.php\/wp-json\/wp\/v2\/posts\/28085\/revisions\/28087"}],"wp:featuredmedia":[{"embeddable":true,"href":"https:\/\/lahora.mx\/index.php\/wp-json\/wp\/v2\/media\/28086"}],"wp:attachment":[{"href":"https:\/\/lahora.mx\/index.php\/wp-json\/wp\/v2\/media?parent=28085"}],"wp:term":[{"taxonomy":"category","embeddable":true,"href":"https:\/\/lahora.mx\/index.php\/wp-json\/wp\/v2\/categories?post=28085"},{"taxonomy":"post_tag","embeddable":true,"href":"https:\/\/lahora.mx\/index.php\/wp-json\/wp\/v2\/tags?post=28085"}],"curies":[{"name":"wp","href":"https:\/\/api.w.org\/{rel}","templated":true}]}}