{"id":28057,"date":"2023-06-15T16:23:43","date_gmt":"2023-06-15T16:23:43","guid":{"rendered":"http:\/\/lahora.mx\/?p=28057"},"modified":"2023-06-15T16:23:44","modified_gmt":"2023-06-15T16:23:44","slug":"puebla-el-estado-con-mas-tomas-clandestinas-de-gas-y-gasolina","status":"publish","type":"post","link":"https:\/\/lahora.mx\/index.php\/2023\/06\/15\/puebla-el-estado-con-mas-tomas-clandestinas-de-gas-y-gasolina\/","title":{"rendered":"Puebla, el estado con m\u00e1s tomas clandestinas de gas y gasolina"},"content":{"rendered":"\n<p>El presidente Andr\u00e9s Manuel L\u00f3pez Obrador se\u00f1al\u00f3 a la entidad de Puebla como la de mayor cantidad de tomas clandestinas de gas LP y gasolina, lo que calific\u00f3 como un problema a nivel nacional.<\/p>\n\n\n\n<p>A pregunta expresa durante su conferencia de prensa matutina de hoy 15 de junio, L\u00f3pez Obrador reconoci\u00f3 que Puebla tiene un problema respecto al robo de huachicol y gas, por lo que exhort\u00f3 a los jueces a considerar el robo de combustible como delito grave.<\/p>\n\n\n\n<p><br>\u201cTenemos ese problema en Puebla y hay b\u00e1sicamente accidentes de fugas de gas, de incendios y tenemos que evacuar a veces a la gente. Se da b\u00e1sicamente de Amozoc hacia Esperanza, ese es un tramo, la carretera de Puebla a Veracruz, porque ah\u00ed viene el ducto de gas\u201d, dijo el presidente respecto al robo de gas LP.<br>Asimismo, detall\u00f3 que el robo de gasolina tambi\u00e9n se da en mayor medida en el estado de Puebla, en sus l\u00edmites con Hidalgo:<br>\u201cEl otro problema que se tiene es el huachicol con gasolina, ducto de Tuxpan a Azcapotzalco, b\u00e1sicamente en los l\u00edmites de Puebla con Hidalgo, es donde tenemos m\u00e1s tomas clandestinas\u201d, declar\u00f3 el presidente de M\u00e9xico en su ma\u00f1anera.<\/p>\n","protected":false},"excerpt":{"rendered":"<p>El presidente Andr\u00e9s Manuel L\u00f3pez Obrador se\u00f1al\u00f3 a la entidad de Puebla como la de mayor cantidad de tomas clandestinas de gas LP y gasolina, lo que calific\u00f3 como un problema a nivel nacional. A pregunta expresa durante su conferencia de prensa matutina de hoy 15 de junio, L\u00f3pez Obrador reconoci\u00f3 que Puebla tiene un [&hellip;]<\/p>\n","protected":false},"author":4,"featured_media":28058,"comment_status":"open","ping_status":"open","sticky":false,"template":"","format":"standard","meta":{"om_disable_all_campaigns":false,"_monsterinsights_skip_tracking":false,"_monsterinsights_sitenote_active":false,"_monsterinsights_sitenote_note":"","_monsterinsights_sitenote_category":0,"footnotes":""},"categories":[175],"tags":[195,223],"class_list":["post-28057","post","type-post","status-publish","format-standard","has-post-thumbnail","hentry","category-local","tag-principal","tag-puebla"],"amp_enabled":true,"_links":{"self":[{"href":"https:\/\/lahora.mx\/index.php\/wp-json\/wp\/v2\/posts\/28057","targetHints":{"allow":["GET"]}}],"collection":[{"href":"https:\/\/lahora.mx\/index.php\/wp-json\/wp\/v2\/posts"}],"about":[{"href":"https:\/\/lahora.mx\/index.php\/wp-json\/wp\/v2\/types\/post"}],"author":[{"embeddable":true,"href":"https:\/\/lahora.mx\/index.php\/wp-json\/wp\/v2\/users\/4"}],"replies":[{"embeddable":true,"href":"https:\/\/lahora.mx\/index.php\/wp-json\/wp\/v2\/comments?post=28057"}],"version-history":[{"count":1,"href":"https:\/\/lahora.mx\/index.php\/wp-json\/wp\/v2\/posts\/28057\/revisions"}],"predecessor-version":[{"id":28059,"href":"https:\/\/lahora.mx\/index.php\/wp-json\/wp\/v2\/posts\/28057\/revisions\/28059"}],"wp:featuredmedia":[{"embeddable":true,"href":"https:\/\/lahora.mx\/index.php\/wp-json\/wp\/v2\/media\/28058"}],"wp:attachment":[{"href":"https:\/\/lahora.mx\/index.php\/wp-json\/wp\/v2\/media?parent=28057"}],"wp:term":[{"taxonomy":"category","embeddable":true,"href":"https:\/\/lahora.mx\/index.php\/wp-json\/wp\/v2\/categories?post=28057"},{"taxonomy":"post_tag","embeddable":true,"href":"https:\/\/lahora.mx\/index.php\/wp-json\/wp\/v2\/tags?post=28057"}],"curies":[{"name":"wp","href":"https:\/\/api.w.org\/{rel}","templated":true}]}}