{"id":28054,"date":"2023-06-15T02:58:09","date_gmt":"2023-06-15T02:58:09","guid":{"rendered":"http:\/\/lahora.mx\/?p=28054"},"modified":"2023-06-15T02:58:09","modified_gmt":"2023-06-15T02:58:09","slug":"la-gobernadora-lorena-cuellar-logra-mantener-a-tlaxcala-como-el-estado-mas-seguro-por-onceava-ocasion","status":"publish","type":"post","link":"https:\/\/lahora.mx\/index.php\/2023\/06\/15\/la-gobernadora-lorena-cuellar-logra-mantener-a-tlaxcala-como-el-estado-mas-seguro-por-onceava-ocasion\/","title":{"rendered":"La gobernadora Lorena Cu\u00e9llar logra mantener a Tlaxcala como el estado m\u00e1s seguro por onceava ocasi\u00f3n"},"content":{"rendered":"\n<p>De nueva cuenta, Tlaxcala alcanz\u00f3 el primer lugar a nivel nacional como la entidad con el menor n\u00famero de delitos al registrar 300 hechos durante el mes de mayo, lo que representa una disminuci\u00f3n del 13.3 por ciento en comparaci\u00f3n con el mismo mes del 2022.<\/p>\n\n\n\n<p>Este ser\u00eda el onceavo mes en lo que va de la administraci\u00f3n de la gobernadora Lorena Cu\u00e9llar Cisneros que la entidad figura en el primer sitio, lo que refleja que la estrategia de seguridad impulsada por su administraci\u00f3n en coordinaci\u00f3n con los tres \u00f3rdenes de gobierno est\u00e1 dando resultados positivos.<\/p>\n\n\n\n<p>La entidad se ha posicionado en este 2023 en el primer lugar durante tres ocasiones, al registrar la incidencia m\u00e1s baja en los meses de febrero, marzo y ahora mayo; mientras que el a\u00f1o pasado logr\u00f3 permanecer en ese mismo lugar por cinco meses consecutivos de mayo a septiembre y en 2021, al inicio de la gesti\u00f3n de Cu\u00e9llar Cisneros, de septiembre a noviembre.<\/p>\n\n\n\n<p>Seg\u00fan el Informe de Incidencia Delictiva del Fuero Com\u00fan del Secretariado Ejecutivo del Sistema Nacional de Seguridad P\u00fablica (Sesnsp), de enero a mayo del presente a\u00f1o en el estado se han registrado un total de mil 676 delitos, de los cuales, 333 corresponden a mayo, lo que significa una disminuci\u00f3n del 13.3 por ciento en comparaci\u00f3n con el mismo mes del 2022.<\/p>\n\n\n\n<p>Adem\u00e1s, registr\u00f3 una tasa de 23.4 delitos por cada 100 mil habitantes, cifra que es seis veces menor a la media nacional de 144 delitos por cada 100 mil habitantes.<\/p>\n\n\n\n<p>La gobernadora Lorena Cu\u00e9llar ha demostrado su compromiso por mantener la paz y la seguridad en Tlaxcala al poner en marcha diversos proyectos en la materia, entre los que destacan, la construcci\u00f3n del nuevo C5i y la pr\u00f3xima creaci\u00f3n de C2 en los municipios, la instalaci\u00f3n de m\u00e1s arcos de seguridad y la colocaci\u00f3n de chips Repuve, adem\u00e1s de la entrega de patrullas, uniformes y armamento a los polic\u00edas municipales.<\/p>\n","protected":false},"excerpt":{"rendered":"<p>De nueva cuenta, Tlaxcala alcanz\u00f3 el primer lugar a nivel nacional como la entidad con el menor n\u00famero de delitos al registrar 300 hechos durante el mes de mayo, lo que representa una disminuci\u00f3n del 13.3 por ciento en comparaci\u00f3n con el mismo mes del 2022. Este ser\u00eda el onceavo mes en lo que va [&hellip;]<\/p>\n","protected":false},"author":4,"featured_media":28055,"comment_status":"open","ping_status":"open","sticky":false,"template":"","format":"standard","meta":{"om_disable_all_campaigns":false,"_monsterinsights_skip_tracking":false,"_monsterinsights_sitenote_active":false,"_monsterinsights_sitenote_note":"","_monsterinsights_sitenote_category":0,"footnotes":""},"categories":[175],"tags":[223,210],"class_list":["post-28054","post","type-post","status-publish","format-standard","has-post-thumbnail","hentry","category-local","tag-puebla","tag-tlaxcala"],"amp_enabled":true,"_links":{"self":[{"href":"https:\/\/lahora.mx\/index.php\/wp-json\/wp\/v2\/posts\/28054","targetHints":{"allow":["GET"]}}],"collection":[{"href":"https:\/\/lahora.mx\/index.php\/wp-json\/wp\/v2\/posts"}],"about":[{"href":"https:\/\/lahora.mx\/index.php\/wp-json\/wp\/v2\/types\/post"}],"author":[{"embeddable":true,"href":"https:\/\/lahora.mx\/index.php\/wp-json\/wp\/v2\/users\/4"}],"replies":[{"embeddable":true,"href":"https:\/\/lahora.mx\/index.php\/wp-json\/wp\/v2\/comments?post=28054"}],"version-history":[{"count":1,"href":"https:\/\/lahora.mx\/index.php\/wp-json\/wp\/v2\/posts\/28054\/revisions"}],"predecessor-version":[{"id":28056,"href":"https:\/\/lahora.mx\/index.php\/wp-json\/wp\/v2\/posts\/28054\/revisions\/28056"}],"wp:featuredmedia":[{"embeddable":true,"href":"https:\/\/lahora.mx\/index.php\/wp-json\/wp\/v2\/media\/28055"}],"wp:attachment":[{"href":"https:\/\/lahora.mx\/index.php\/wp-json\/wp\/v2\/media?parent=28054"}],"wp:term":[{"taxonomy":"category","embeddable":true,"href":"https:\/\/lahora.mx\/index.php\/wp-json\/wp\/v2\/categories?post=28054"},{"taxonomy":"post_tag","embeddable":true,"href":"https:\/\/lahora.mx\/index.php\/wp-json\/wp\/v2\/tags?post=28054"}],"curies":[{"name":"wp","href":"https:\/\/api.w.org\/{rel}","templated":true}]}}