{"id":27989,"date":"2023-06-14T15:16:14","date_gmt":"2023-06-14T15:16:14","guid":{"rendered":"http:\/\/lahora.mx\/?p=27989"},"modified":"2023-06-14T15:16:14","modified_gmt":"2023-06-14T15:16:14","slug":"26-anos-despues-se-logra-sentencia-contra-homicida-en-puebla","status":"publish","type":"post","link":"https:\/\/lahora.mx\/index.php\/2023\/06\/14\/26-anos-despues-se-logra-sentencia-contra-homicida-en-puebla\/","title":{"rendered":"26 a\u00f1os despu\u00e9s se logra sentencia contra homicida en Puebla"},"content":{"rendered":"\n<p>Le\u00f3nides N fue declarado culpable de los delitos de homicidio y lesiones perpetrados hace casi tres d\u00e9cadas, sin embargo, hasta ahora fue que un juez de la Fiscal\u00eda General del Estado (FGE) de Puebla lo sentenci\u00f3 a 29 a\u00f1os de prisi\u00f3n.<\/p>\n\n\n\n<p>El 20 de julio de 1997, dos hombres y una mujer que circulaban en inmediaciones de la poblaci\u00f3n de Zacatepec, Puebla, a bordo de un Chevrolet Malib\u00fa, fueron interceptados por dos veh\u00edculos de los cuales descendieron varias personas, entre ellas Le\u00f3nides N., quienes les realizaron disparos, provocando que uno de los afectados perdiera la vida y otro m\u00e1s resultara con lesiones.<\/p>\n\n\n\n<p>Al determinar problemas personales por la compra-venta de un terreno como motivo de la agresi\u00f3n, e identificar a Le\u00f3nides N como uno de los responsables, se ejercit\u00f3 acci\u00f3n penal, logrando su aprehensi\u00f3n el mismo a\u00f1o de los hechos, sin embargo, su defensa interpuso medios de impugnaci\u00f3n que derivaron en diversas reposiciones del procedimiento.<br>No obstante lo anterior, la Fiscal\u00eda del Estado le dio seguimiento al caso y aport\u00f3 pruebas contundentes para que el juez Mixto de Libres determinara imponer una sentencia condenatoria de 29 a\u00f1os de prisi\u00f3n contra Leonides N.<\/p>\n","protected":false},"excerpt":{"rendered":"<p>Le\u00f3nides N fue declarado culpable de los delitos de homicidio y lesiones perpetrados hace casi tres d\u00e9cadas, sin embargo, hasta ahora fue que un juez de la Fiscal\u00eda General del Estado (FGE) de Puebla lo sentenci\u00f3 a 29 a\u00f1os de prisi\u00f3n. El 20 de julio de 1997, dos hombres y una mujer que circulaban en [&hellip;]<\/p>\n","protected":false},"author":4,"featured_media":27990,"comment_status":"open","ping_status":"open","sticky":false,"template":"","format":"standard","meta":{"om_disable_all_campaigns":false,"_monsterinsights_skip_tracking":false,"_monsterinsights_sitenote_active":false,"_monsterinsights_sitenote_note":"","_monsterinsights_sitenote_category":0,"footnotes":""},"categories":[175,226],"tags":[223],"class_list":["post-27989","post","type-post","status-publish","format-standard","has-post-thumbnail","hentry","category-local","category-policia","tag-puebla"],"amp_enabled":true,"_links":{"self":[{"href":"https:\/\/lahora.mx\/index.php\/wp-json\/wp\/v2\/posts\/27989","targetHints":{"allow":["GET"]}}],"collection":[{"href":"https:\/\/lahora.mx\/index.php\/wp-json\/wp\/v2\/posts"}],"about":[{"href":"https:\/\/lahora.mx\/index.php\/wp-json\/wp\/v2\/types\/post"}],"author":[{"embeddable":true,"href":"https:\/\/lahora.mx\/index.php\/wp-json\/wp\/v2\/users\/4"}],"replies":[{"embeddable":true,"href":"https:\/\/lahora.mx\/index.php\/wp-json\/wp\/v2\/comments?post=27989"}],"version-history":[{"count":1,"href":"https:\/\/lahora.mx\/index.php\/wp-json\/wp\/v2\/posts\/27989\/revisions"}],"predecessor-version":[{"id":27991,"href":"https:\/\/lahora.mx\/index.php\/wp-json\/wp\/v2\/posts\/27989\/revisions\/27991"}],"wp:featuredmedia":[{"embeddable":true,"href":"https:\/\/lahora.mx\/index.php\/wp-json\/wp\/v2\/media\/27990"}],"wp:attachment":[{"href":"https:\/\/lahora.mx\/index.php\/wp-json\/wp\/v2\/media?parent=27989"}],"wp:term":[{"taxonomy":"category","embeddable":true,"href":"https:\/\/lahora.mx\/index.php\/wp-json\/wp\/v2\/categories?post=27989"},{"taxonomy":"post_tag","embeddable":true,"href":"https:\/\/lahora.mx\/index.php\/wp-json\/wp\/v2\/tags?post=27989"}],"curies":[{"name":"wp","href":"https:\/\/api.w.org\/{rel}","templated":true}]}}