{"id":27986,"date":"2023-06-14T15:13:48","date_gmt":"2023-06-14T15:13:48","guid":{"rendered":"http:\/\/lahora.mx\/?p=27986"},"modified":"2023-06-14T15:13:49","modified_gmt":"2023-06-14T15:13:49","slug":"amaury-trejo-nuevo-director-de-issstep","status":"publish","type":"post","link":"https:\/\/lahora.mx\/index.php\/2023\/06\/14\/amaury-trejo-nuevo-director-de-issstep\/","title":{"rendered":"Amaury Trejo, nuevo director de ISSSTEP"},"content":{"rendered":"\n<p>\u200bEl Dr. Amaury Trejo Rivas fue nombrado este martes como nuevo director general del Instituto de Seguridad y Servicios Sociales al Servicio de los Poderes del Estado de Puebla (ISSSTEP) en sustituci\u00f3n de Miguel \u00c1ngel Garc\u00eda Mart\u00ednez.<\/p>\n\n\n\n<p>La salida de Garc\u00eda Mart\u00ednez se debe al aumento de quejas por parte de los derechohabientes y personal sindicalizado, lo que llev\u00f3 a mover la dirigencia para ubicar a Trejo Rivas como nuevo director del ISSSTEP.<br>Miguel \u00c1ngel Garc\u00eda Mart\u00ednez consigui\u00f3 la direcci\u00f3n general del ISSSTEP por unanimidad de votos en 2020, cuando la Junta Directiva del Instituto aprob\u00f3 la designaci\u00f3n, destacando sus \u201c35 a\u00f1os de experiencia m\u00e9dica y gerencia hospitalaria\u201d.<\/p>\n\n\n\n<p>\u00bfQui\u00e9n es Amaury Trejo, nuevo director del ISSSTEP?<br>Amaury Trejo se desempe\u00f1aba como jefe de la Divisi\u00f3n de Cirug\u00eda del ISSSSTEP, desde donde condujo el primer trasplante renal del Instituto en este 2023.<\/p>\n\n\n\n<p>En mayo del pasado 2022, la Organizaci\u00f3n Internacional M\u00e9dica (IOCIM) le otorg\u00f3 el Premio al \u00c9xito M\u00e9dico en Rep\u00fablica Dominicana, mientras que en 2018 fue uno de los 12 trasplant\u00f3logos que recibieron el Premio a la Excelencia M\u00e9dica.<\/p>\n","protected":false},"excerpt":{"rendered":"<p>\u200bEl Dr. Amaury Trejo Rivas fue nombrado este martes como nuevo director general del Instituto de Seguridad y Servicios Sociales al Servicio de los Poderes del Estado de Puebla (ISSSTEP) en sustituci\u00f3n de Miguel \u00c1ngel Garc\u00eda Mart\u00ednez. La salida de Garc\u00eda Mart\u00ednez se debe al aumento de quejas por parte de los derechohabientes y personal [&hellip;]<\/p>\n","protected":false},"author":4,"featured_media":27987,"comment_status":"open","ping_status":"open","sticky":false,"template":"","format":"standard","meta":{"om_disable_all_campaigns":false,"_monsterinsights_skip_tracking":false,"_monsterinsights_sitenote_active":false,"_monsterinsights_sitenote_note":"","_monsterinsights_sitenote_category":0,"footnotes":""},"categories":[175],"tags":[223],"class_list":["post-27986","post","type-post","status-publish","format-standard","has-post-thumbnail","hentry","category-local","tag-puebla"],"amp_enabled":true,"_links":{"self":[{"href":"https:\/\/lahora.mx\/index.php\/wp-json\/wp\/v2\/posts\/27986","targetHints":{"allow":["GET"]}}],"collection":[{"href":"https:\/\/lahora.mx\/index.php\/wp-json\/wp\/v2\/posts"}],"about":[{"href":"https:\/\/lahora.mx\/index.php\/wp-json\/wp\/v2\/types\/post"}],"author":[{"embeddable":true,"href":"https:\/\/lahora.mx\/index.php\/wp-json\/wp\/v2\/users\/4"}],"replies":[{"embeddable":true,"href":"https:\/\/lahora.mx\/index.php\/wp-json\/wp\/v2\/comments?post=27986"}],"version-history":[{"count":1,"href":"https:\/\/lahora.mx\/index.php\/wp-json\/wp\/v2\/posts\/27986\/revisions"}],"predecessor-version":[{"id":27988,"href":"https:\/\/lahora.mx\/index.php\/wp-json\/wp\/v2\/posts\/27986\/revisions\/27988"}],"wp:featuredmedia":[{"embeddable":true,"href":"https:\/\/lahora.mx\/index.php\/wp-json\/wp\/v2\/media\/27987"}],"wp:attachment":[{"href":"https:\/\/lahora.mx\/index.php\/wp-json\/wp\/v2\/media?parent=27986"}],"wp:term":[{"taxonomy":"category","embeddable":true,"href":"https:\/\/lahora.mx\/index.php\/wp-json\/wp\/v2\/categories?post=27986"},{"taxonomy":"post_tag","embeddable":true,"href":"https:\/\/lahora.mx\/index.php\/wp-json\/wp\/v2\/tags?post=27986"}],"curies":[{"name":"wp","href":"https:\/\/api.w.org\/{rel}","templated":true}]}}