{"id":27980,"date":"2023-06-14T02:26:47","date_gmt":"2023-06-14T02:26:47","guid":{"rendered":"http:\/\/lahora.mx\/?p=27980"},"modified":"2023-06-14T02:26:47","modified_gmt":"2023-06-14T02:26:47","slug":"victimas-de-violencia-familiar-y-sexual-acusan-retiro-de-terapias-por-parte-de-la-fge","status":"publish","type":"post","link":"https:\/\/lahora.mx\/index.php\/2023\/06\/14\/victimas-de-violencia-familiar-y-sexual-acusan-retiro-de-terapias-por-parte-de-la-fge\/","title":{"rendered":"V\u00edctimas de violencia familiar y sexual acusan retiro de terapias por parte de la FGE"},"content":{"rendered":"\n<p>M\u00e1s de 80 mujeres denuncian que la Fiscal\u00eda General del Estado (FGE) de Puebla retir\u00f3 el programa de las terapias grupales a mujeres que han sido v\u00edctimas de violencia familiar y de delitos sexuales, les argumentaron falta de presupuesto.<\/p>\n\n\n\n<p>En este sentido, la representante legal Jazm\u00edn Garc\u00eda, acus\u00f3 que dicho aviso se dio de palabra y nunca por oficio, lo cual hace que sea sospechoso pues no existe nada sustentado.<\/p>\n\n\n\n<p>Asimismo, mencion\u00f3 que desde hace dos meses no reciben atenci\u00f3n psicol\u00f3gica, por lo que, enviar\u00e1n escritos ante la Comisi\u00f3n Estatal de los Derechos Humanos (CEDH), la FGE y al gobernador de Puebla, Sergio Salom\u00f3n C\u00e9spedes Peregrina, para que tomen cartas en el asunto.<\/p>\n\n\n\n<p>Enfatiz\u00f3 que la autoridad tiene la responsabilidad de otorgar un programa especial a todas aquellas mujeres que han sido victimizadas o revictimizadas.<\/p>\n\n\n\n<p>Argumento que, con el programa de Prevenci\u00f3n y Atenci\u00f3n a la Violencia de G\u00e9nero, atiende a v\u00edctimas de diversos delitos y que es necesaria su atenci\u00f3n y seguimiento ante lo que vivieron.<\/p>\n","protected":false},"excerpt":{"rendered":"<p>M\u00e1s de 80 mujeres denuncian que la Fiscal\u00eda General del Estado (FGE) de Puebla retir\u00f3 el programa de las terapias grupales a mujeres que han sido v\u00edctimas de violencia familiar y de delitos sexuales, les argumentaron falta de presupuesto. En este sentido, la representante legal Jazm\u00edn Garc\u00eda, acus\u00f3 que dicho aviso se dio de palabra [&hellip;]<\/p>\n","protected":false},"author":4,"featured_media":27981,"comment_status":"open","ping_status":"open","sticky":false,"template":"","format":"standard","meta":{"om_disable_all_campaigns":false,"_monsterinsights_skip_tracking":false,"_monsterinsights_sitenote_active":false,"_monsterinsights_sitenote_note":"","_monsterinsights_sitenote_category":0,"footnotes":""},"categories":[175,176],"tags":[223],"class_list":["post-27980","post","type-post","status-publish","format-standard","has-post-thumbnail","hentry","category-local","category-nacional","tag-puebla"],"amp_enabled":true,"_links":{"self":[{"href":"https:\/\/lahora.mx\/index.php\/wp-json\/wp\/v2\/posts\/27980","targetHints":{"allow":["GET"]}}],"collection":[{"href":"https:\/\/lahora.mx\/index.php\/wp-json\/wp\/v2\/posts"}],"about":[{"href":"https:\/\/lahora.mx\/index.php\/wp-json\/wp\/v2\/types\/post"}],"author":[{"embeddable":true,"href":"https:\/\/lahora.mx\/index.php\/wp-json\/wp\/v2\/users\/4"}],"replies":[{"embeddable":true,"href":"https:\/\/lahora.mx\/index.php\/wp-json\/wp\/v2\/comments?post=27980"}],"version-history":[{"count":1,"href":"https:\/\/lahora.mx\/index.php\/wp-json\/wp\/v2\/posts\/27980\/revisions"}],"predecessor-version":[{"id":27982,"href":"https:\/\/lahora.mx\/index.php\/wp-json\/wp\/v2\/posts\/27980\/revisions\/27982"}],"wp:featuredmedia":[{"embeddable":true,"href":"https:\/\/lahora.mx\/index.php\/wp-json\/wp\/v2\/media\/27981"}],"wp:attachment":[{"href":"https:\/\/lahora.mx\/index.php\/wp-json\/wp\/v2\/media?parent=27980"}],"wp:term":[{"taxonomy":"category","embeddable":true,"href":"https:\/\/lahora.mx\/index.php\/wp-json\/wp\/v2\/categories?post=27980"},{"taxonomy":"post_tag","embeddable":true,"href":"https:\/\/lahora.mx\/index.php\/wp-json\/wp\/v2\/tags?post=27980"}],"curies":[{"name":"wp","href":"https:\/\/api.w.org\/{rel}","templated":true}]}}