{"id":27977,"date":"2023-06-14T02:08:16","date_gmt":"2023-06-14T02:08:16","guid":{"rendered":"http:\/\/lahora.mx\/?p=27977"},"modified":"2023-06-14T02:08:17","modified_gmt":"2023-06-14T02:08:17","slug":"pan-puebla-debe-adelantar-seleccion-de-candidatos-menciona-edmundo-tlatehui","status":"publish","type":"post","link":"https:\/\/lahora.mx\/index.php\/2023\/06\/14\/pan-puebla-debe-adelantar-seleccion-de-candidatos-menciona-edmundo-tlatehui\/","title":{"rendered":"PAN Puebla debe adelantar selecci\u00f3n de candidatos menciona Edmundo Tlatehui"},"content":{"rendered":"\n<p>El tambi\u00e9n coordinador de presidentes municipales del PAN Puebla, dijo que ya es tiempo de definir los perfiles que encabezar\u00e1n las diferentes candidaturas para el proceso electoral 2024.<\/p>\n\n\n\n<p>Indic\u00f3 que en los diversos acercamientos que ha tenido con ediles de su partido, muchos de ellos han considerado buscar reelegirse, sin embargo, la militancia deber\u00e1 analizar si es viable que puedan ser reelectos.<\/p>\n\n\n\n<p>Luego de que el partido Movimiento Regeneraci\u00f3n Nacional (Morena) ya ha dado a conocer que en septiembre elegir\u00e1 a su candidato presidencial y la oposici\u00f3n ha guardado silencio.<\/p>\n\n\n\n<p>En entrevista con medios locales, el edil indic\u00f3 que el PAN debe acelerar los procesos para elegir a los candidatos para el 2024, al se\u00f1alar que este a\u00f1o todos los partidos pol\u00edticos se han adelantado a los tiempos para iniciar precampa\u00f1as.<\/p>\n\n\n\n<p>De este modo sugiri\u00f3 que el partido blanquiazul se debe analizar qui\u00e9nes cuentan con un buen perfil que puedan levantarse con la victoria en el 2024.<\/p>\n\n\n\n<p>\u00abTodos se han adelantado a los tiempos electorales, por ello creo que dentro del PAN se debe comenzar con un an\u00e1lisis sobre quien es el mejor perfil para buscar la presidencia de la rep\u00fablica\u201d, sostuvo.<\/p>\n\n\n\n<p>Insisti\u00f3 que Morena no es invencible como parec\u00eda, por lo se tiene que fortalecer la unidad del blanquiazul con miras al 2024, al referir que s\u00ed necesita una alianza entre PAN, PRI y PRD, fuerte y donde todos los institutos pol\u00edticos cumplan con sus acuerdos.<\/p>\n\n\n\n<p>Por lo tanto, asegur\u00f3 la alianza que se genere entre el PAN, PRI y PRD, debe estar fortalecida y cumplir con los acuerdos ya que en papel muchas veces se ve bonita, pero en la realidad, los partidos PAN, PRI y PRD deben hacer un trabajo hacia afuera, fuerte, de cercan\u00eda con la ciudadan\u00eda.<\/p>\n\n\n\n<p>\u201cLo anterior quiere decir que no es tanta la fuerza que dec\u00edan tener, parecer\u00eda que Morena era invencible. Yo creo que no, adem\u00e1s hay una parte de los ciudadanos que no est\u00e1n conformes\u201d, asever\u00f3 el edil.<\/p>\n\n\n\n<p>Consider\u00f3 que la divisi\u00f3n dentro del blanquiazul no ayudar\u00e1 a la elecci\u00f3n del 2024, por lo que se debe llegar unidos y fortalecidos, con lo que tiene oportunidad de ganar la gubernatura y presidencias municipales.<\/p>\n","protected":false},"excerpt":{"rendered":"<p>El tambi\u00e9n coordinador de presidentes municipales del PAN Puebla, dijo que ya es tiempo de definir los perfiles que encabezar\u00e1n las diferentes candidaturas para el proceso electoral 2024. Indic\u00f3 que en los diversos acercamientos que ha tenido con ediles de su partido, muchos de ellos han considerado buscar reelegirse, sin embargo, la militancia deber\u00e1 analizar [&hellip;]<\/p>\n","protected":false},"author":4,"featured_media":27978,"comment_status":"open","ping_status":"open","sticky":false,"template":"","format":"standard","meta":{"om_disable_all_campaigns":false,"_monsterinsights_skip_tracking":false,"_monsterinsights_sitenote_active":false,"_monsterinsights_sitenote_note":"","_monsterinsights_sitenote_category":0,"footnotes":""},"categories":[175],"tags":[234,223],"class_list":["post-27977","post","type-post","status-publish","format-standard","has-post-thumbnail","hentry","category-local","tag-cholula","tag-puebla"],"amp_enabled":true,"_links":{"self":[{"href":"https:\/\/lahora.mx\/index.php\/wp-json\/wp\/v2\/posts\/27977","targetHints":{"allow":["GET"]}}],"collection":[{"href":"https:\/\/lahora.mx\/index.php\/wp-json\/wp\/v2\/posts"}],"about":[{"href":"https:\/\/lahora.mx\/index.php\/wp-json\/wp\/v2\/types\/post"}],"author":[{"embeddable":true,"href":"https:\/\/lahora.mx\/index.php\/wp-json\/wp\/v2\/users\/4"}],"replies":[{"embeddable":true,"href":"https:\/\/lahora.mx\/index.php\/wp-json\/wp\/v2\/comments?post=27977"}],"version-history":[{"count":1,"href":"https:\/\/lahora.mx\/index.php\/wp-json\/wp\/v2\/posts\/27977\/revisions"}],"predecessor-version":[{"id":27979,"href":"https:\/\/lahora.mx\/index.php\/wp-json\/wp\/v2\/posts\/27977\/revisions\/27979"}],"wp:featuredmedia":[{"embeddable":true,"href":"https:\/\/lahora.mx\/index.php\/wp-json\/wp\/v2\/media\/27978"}],"wp:attachment":[{"href":"https:\/\/lahora.mx\/index.php\/wp-json\/wp\/v2\/media?parent=27977"}],"wp:term":[{"taxonomy":"category","embeddable":true,"href":"https:\/\/lahora.mx\/index.php\/wp-json\/wp\/v2\/categories?post=27977"},{"taxonomy":"post_tag","embeddable":true,"href":"https:\/\/lahora.mx\/index.php\/wp-json\/wp\/v2\/tags?post=27977"}],"curies":[{"name":"wp","href":"https:\/\/api.w.org\/{rel}","templated":true}]}}