{"id":27971,"date":"2023-06-14T00:10:35","date_gmt":"2023-06-14T00:10:35","guid":{"rendered":"http:\/\/lahora.mx\/?p=27971"},"modified":"2023-06-14T00:10:36","modified_gmt":"2023-06-14T00:10:36","slug":"realizan-en-el-congreso-del-estado-foro-sobre-los-desafios-y-oportunidades-de-la-ley-acida","status":"publish","type":"post","link":"https:\/\/lahora.mx\/index.php\/2023\/06\/14\/realizan-en-el-congreso-del-estado-foro-sobre-los-desafios-y-oportunidades-de-la-ley-acida\/","title":{"rendered":"Realizan en el Congreso del Estado foro sobre los desaf\u00edos y oportunidades de la Ley \u00c1cida"},"content":{"rendered":"\n<p>Para enriquecer la legislaci\u00f3n y que sea integral en favor de las v\u00edctimas, el Congreso del Estado fue sede del foro denominado \u201cLey \u00c1cida contra la Violencia Qu\u00edmica en Puebla: Desaf\u00edos y \u00c1reas de Oportunidad\u201d, encabezado por el diputado N\u00e9stor Camarillo Medina.<\/p>\n\n\n\n<p>En el foro, el diputado destac\u00f3 la aprobaci\u00f3n de la denominada Ley \u00c1cida el pasado 2 de marzo en el Congreso del Estado, mediante la cual se reconoce la violencia \u00e1cida en la legislaci\u00f3n y se tipifica para que las lesiones con sustancias corrosivas sean castigadas como tentativa de feminicidio.<\/p>\n\n\n\n<p>El diputado N\u00e9stor Camarillo Medina se\u00f1al\u00f3 que el prop\u00f3sito del foro es recibir propuestas para contar con una Ley robusta e integral que atienda lo que pudo haber quedado pendiente, como la reparaci\u00f3n del da\u00f1o a las v\u00edctimas.<\/p>\n\n\n\n<p>Durante el desarrollo del foro, las participantes compartieron sus historias ante los ataques con \u00e1cido, su proceso de atenci\u00f3n m\u00e9dica y jur\u00eddica, as\u00ed como la necesidad de garantizar el apoyo del Estado para que se otorgue un tratamiento y seguimiento especializado a las v\u00edctimas, aunado a que existan protocolos de atenci\u00f3n especializados en el sector salud, con medicamentos e insumos gratuitos.<\/p>\n\n\n\n<p>En el uso de la palabra, la diputada Silvia Tan\u00fas Osorio expres\u00f3 su solidaridad con las v\u00edctimas y tambi\u00e9n dio su respaldo para trabajar en favor de las mujeres; dijo que tienen su apoyo para modificar las Leyes que sumen a la lucha de g\u00e9nero.<\/p>\n\n\n\n<p>Luego de las participaciones, el diputado N\u00e9stor Camarillo Medina expuso que presentar\u00e1 las iniciativas necesarias para garantizar atenci\u00f3n a las v\u00edctimas de ataques con \u00e1cido, as\u00ed como asignar los recursos suficientes para atender y sancionar estos delitos.<\/p>\n\n\n\n<p>Durante el foro, tambi\u00e9n estuvo presente el diputado Jorge Estefan Chidiac, as\u00ed como autoridades municipales de Puebla capital, San Juan Atenco y Tlahuapan.<\/p>\n","protected":false},"excerpt":{"rendered":"<p>Para enriquecer la legislaci\u00f3n y que sea integral en favor de las v\u00edctimas, el Congreso del Estado fue sede del foro denominado \u201cLey \u00c1cida contra la Violencia Qu\u00edmica en Puebla: Desaf\u00edos y \u00c1reas de Oportunidad\u201d, encabezado por el diputado N\u00e9stor Camarillo Medina. En el foro, el diputado destac\u00f3 la aprobaci\u00f3n de la denominada Ley \u00c1cida [&hellip;]<\/p>\n","protected":false},"author":4,"featured_media":27972,"comment_status":"open","ping_status":"open","sticky":false,"template":"","format":"standard","meta":{"om_disable_all_campaigns":false,"_monsterinsights_skip_tracking":false,"_monsterinsights_sitenote_active":false,"_monsterinsights_sitenote_note":"","_monsterinsights_sitenote_category":0,"footnotes":""},"categories":[175],"tags":[227,223],"class_list":["post-27971","post","type-post","status-publish","format-standard","has-post-thumbnail","hentry","category-local","tag-congreso","tag-puebla"],"amp_enabled":true,"_links":{"self":[{"href":"https:\/\/lahora.mx\/index.php\/wp-json\/wp\/v2\/posts\/27971","targetHints":{"allow":["GET"]}}],"collection":[{"href":"https:\/\/lahora.mx\/index.php\/wp-json\/wp\/v2\/posts"}],"about":[{"href":"https:\/\/lahora.mx\/index.php\/wp-json\/wp\/v2\/types\/post"}],"author":[{"embeddable":true,"href":"https:\/\/lahora.mx\/index.php\/wp-json\/wp\/v2\/users\/4"}],"replies":[{"embeddable":true,"href":"https:\/\/lahora.mx\/index.php\/wp-json\/wp\/v2\/comments?post=27971"}],"version-history":[{"count":1,"href":"https:\/\/lahora.mx\/index.php\/wp-json\/wp\/v2\/posts\/27971\/revisions"}],"predecessor-version":[{"id":27973,"href":"https:\/\/lahora.mx\/index.php\/wp-json\/wp\/v2\/posts\/27971\/revisions\/27973"}],"wp:featuredmedia":[{"embeddable":true,"href":"https:\/\/lahora.mx\/index.php\/wp-json\/wp\/v2\/media\/27972"}],"wp:attachment":[{"href":"https:\/\/lahora.mx\/index.php\/wp-json\/wp\/v2\/media?parent=27971"}],"wp:term":[{"taxonomy":"category","embeddable":true,"href":"https:\/\/lahora.mx\/index.php\/wp-json\/wp\/v2\/categories?post=27971"},{"taxonomy":"post_tag","embeddable":true,"href":"https:\/\/lahora.mx\/index.php\/wp-json\/wp\/v2\/tags?post=27971"}],"curies":[{"name":"wp","href":"https:\/\/api.w.org\/{rel}","templated":true}]}}